{"id":7027,"date":"2024-04-22T12:20:31","date_gmt":"2024-04-22T12:20:31","guid":{"rendered":"https:\/\/www.renouee.millevaches.net\/?p=7027"},"modified":"2024-04-22T12:20:33","modified_gmt":"2024-04-22T12:20:33","slug":"samedi-4-mai-concert-de-printemps-a-leglise-de-gentioux","status":"publish","type":"post","link":"https:\/\/renouee.millevaches.net\/WP\/vie-de-la-maison\/samedi-4-mai-concert-de-printemps-a-leglise-de-gentioux\/","title":{"rendered":"Samedi 4 mai Concert de printemps \u00e0 l&rsquo;eglise de Gentioux"},"content":{"rendered":"\n<p>Bonjour,<\/p>\n\n\n\n<p>Nous avons la joie d&rsquo;accueillir de nouveau Rafael Cumont-Vioque et Paul Serri, pour un concert de printemps, \u00e0 l&rsquo;\u00e9glise de Gentioux samedi 4 mai \u00e0 18h30.<\/p>\n\n\n\n<p>Au programme: \u0153uvres de J.S. Bach, B\u00eala Bartok, G.F.Haendel, Gaspard Cassado, th\u00e8mes traditionnels h\u00e9bra\u00efques<\/p>\n\n\n\n<p>Entr\u00e9e libre au chapeau et pot offert par la mairie \u00e0 l&rsquo;issue du concert<\/p>\n\n\n\n<p><\/p>\n\n\n<div class=\"wp-block-image\">\n<figure class=\"aligncenter size-large is-resized\"><img decoding=\"async\" width=\"724\" height=\"1024\" src=\"https:\/\/www.renouee.millevaches.net\/WP\/wp-content\/uploads\/2024\/04\/concertgentioux-724x1024.jpg\" alt=\"\" class=\"wp-image-7028\" style=\"width:455px;height:auto\" srcset=\"https:\/\/renouee.millevaches.net\/WP\/wp-content\/uploads\/2024\/04\/concertgentioux-724x1024.jpg 724w, https:\/\/renouee.millevaches.net\/WP\/wp-content\/uploads\/2024\/04\/concertgentioux-212x300.jpg 212w, https:\/\/renouee.millevaches.net\/WP\/wp-content\/uploads\/2024\/04\/concertgentioux-768x1086.jpg 768w, https:\/\/renouee.millevaches.net\/WP\/wp-content\/uploads\/2024\/04\/concertgentioux-1086x1536.jpg 1086w, https:\/\/renouee.millevaches.net\/WP\/wp-content\/uploads\/2024\/04\/concertgentioux-1320x1867.jpg 1320w, https:\/\/renouee.millevaches.net\/WP\/wp-content\/uploads\/2024\/04\/concertgentioux.jpg 1357w\" sizes=\"(max-width: 724px) 100vw, 724px\" \/><\/figure><\/div>","protected":false},"excerpt":{"rendered":"<p>Bonjour, Nous avons la joie d&rsquo;accueillir de nouveau Rafael Cumont-Vioque et Paul Serri, pour un concert de printemps, \u00e0 l&rsquo;\u00e9glise de Gentioux samedi 4 mai \u00e0 18h30. Au programme: \u0153uvres de J.S. Bach, B\u00eala Bartok, G.F.Haendel, Gaspard Cassado, th\u00e8mes traditionnels h\u00e9bra\u00efques Entr\u00e9e libre au chapeau et pot offert par la mairie \u00e0 l&rsquo;issue du concert<\/p>\n","protected":false},"author":2,"featured_media":7028,"comment_status":"closed","ping_status":"closed","sticky":false,"template":"","format":"standard","meta":{"footnotes":"","jetpack_publicize_message":"","jetpack_publicize_feature_enabled":true,"jetpack_social_post_already_shared":true,"jetpack_social_options":{"image_generator_settings":{"template":"highway","default_image_id":0,"font":"","enabled":false},"version":2}},"categories":[1],"tags":[],"class_list":["post-7027","post","type-post","status-publish","format-standard","has-post-thumbnail","hentry","category-vie-de-la-maison"],"jetpack_publicize_connections":[],"_links":{"self":[{"href":"https:\/\/renouee.millevaches.net\/WP\/wp-json\/wp\/v2\/posts\/7027","targetHints":{"allow":["GET"]}}],"collection":[{"href":"https:\/\/renouee.millevaches.net\/WP\/wp-json\/wp\/v2\/posts"}],"about":[{"href":"https:\/\/renouee.millevaches.net\/WP\/wp-json\/wp\/v2\/types\/post"}],"author":[{"embeddable":true,"href":"https:\/\/renouee.millevaches.net\/WP\/wp-json\/wp\/v2\/users\/2"}],"replies":[{"embeddable":true,"href":"https:\/\/renouee.millevaches.net\/WP\/wp-json\/wp\/v2\/comments?post=7027"}],"version-history":[{"count":0,"href":"https:\/\/renouee.millevaches.net\/WP\/wp-json\/wp\/v2\/posts\/7027\/revisions"}],"wp:featuredmedia":[{"embeddable":true,"href":"https:\/\/renouee.millevaches.net\/WP\/wp-json\/wp\/v2\/media\/7028"}],"wp:attachment":[{"href":"https:\/\/renouee.millevaches.net\/WP\/wp-json\/wp\/v2\/media?parent=7027"}],"wp:term":[{"taxonomy":"category","embeddable":true,"href":"https:\/\/renouee.millevaches.net\/WP\/wp-json\/wp\/v2\/categories?post=7027"},{"taxonomy":"post_tag","embeddable":true,"href":"https:\/\/renouee.millevaches.net\/WP\/wp-json\/wp\/v2\/tags?post=7027"}],"curies":[{"name":"wp","href":"https:\/\/api.w.org\/{rel}","templated":true}]}}