{"id":548,"date":"2017-02-21T14:00:25","date_gmt":"2017-02-21T14:00:25","guid":{"rendered":"http:\/\/renouee.millevaches.net\/?p=548"},"modified":"2017-10-24T14:12:52","modified_gmt":"2017-10-24T14:12:52","slug":"telemillevaches-est-de-retour-a-la-renouee","status":"publish","type":"post","link":"https:\/\/renouee.millevaches.net\/WP\/agenda\/telemillevaches-est-de-retour-a-la-renouee\/","title":{"rendered":"T\u00e9l\u00e9millevaches est de retour \u00e0 La Renou\u00e9e"},"content":{"rendered":"<p>Jeudi 2 mars prochain \u00e0 18h30 sur le temps d&rsquo;ouverture de l&rsquo;\u00e9picerie, venez assister \u00e0 la projection du dernier magazine de T\u00e9l\u00e9millevaches \u00ab\u00a0<em>Sur La Route\u00a0\u00bb.<\/em><\/p>\n<p>Pr\u00e9sentation de l&rsquo;\u00e9pisode:<\/p>\n<blockquote><p><em><span class=\"_4n-j _3cht fsl\"><span class=\"text_exposed_show\">Le plateau de Millevaches, ses tourbi\u00e8res, ses for\u00eats, ses lacs\u2026 et ses routes. On y croise des grumiers, des sangliers, des nids de poule, des campings cars, mais aussi, une fois par an des milliers de motards qui se rassemblent dans un pr\u00e9 \u00e0 Millevaches, le temps d\u2019un week-end, avec la ferme intention de ne rien faire\u00a0! Pour ceux qui vivent ici, le trajet quotidien est l\u2019occasion de r\u00e9inventer sa journ\u00e9e, de r\u00eaver et parfois de se faire des films.<\/span><\/span><\/em><\/p><\/blockquote>\n<p><img decoding=\"async\" class=\"wp-image-550 size-full aligncenter\" src=\"http:\/\/renouee.millevaches.net\/wp-content\/uploads\/2017\/02\/Capture-du-2017-02-21-15-06-13.png\" width=\"740\" height=\"319\" \/><\/p>\n<p>&nbsp;<\/p>\n<p>Ap\u00e9ro fruit\u00e9 pour l&rsquo;occasion du grand retour de T\u00e9l\u00e9millevaches \u00e0 Gentioux.<\/p>\n<p><em>En prime, les curieux auront peut \u00eatre droit \u00e0 de vielles archives vid\u00e9o de Gentioux.<\/em><\/p>\n<p>Pour plus d&rsquo;infos, allez voir le <a href=\"http:\/\/telemillevaches.net\/videos\/sur-la-route\/\">super site de T\u00e9l\u00e9millevaches<\/a>.<\/p>\n<p>&nbsp;<\/p>\n","protected":false},"excerpt":{"rendered":"<p>Jeudi 2 mars prochain \u00e0 18h30 sur le temps d&rsquo;ouverture de l&rsquo;\u00e9picerie, venez assister \u00e0 la projection du dernier magazine de T\u00e9l\u00e9millevaches \u00ab\u00a0Sur La Route\u00a0\u00bb. Pr\u00e9sentation de l&rsquo;\u00e9pisode: Le plateau de Millevaches, ses tourbi\u00e8res, ses for\u00eats, ses lacs\u2026 et ses routes. On y croise des grumiers, des sangliers, des nids de poule, des campings cars, [&hellip;]<\/p>\n","protected":false},"author":2,"featured_media":2949,"comment_status":"closed","ping_status":"closed","sticky":false,"template":"","format":"standard","meta":{"footnotes":"","jetpack_publicize_message":"","jetpack_publicize_feature_enabled":true,"jetpack_social_post_already_shared":true,"jetpack_social_options":{"image_generator_settings":{"template":"highway","default_image_id":0,"font":"","enabled":false},"version":2}},"categories":[69],"tags":[46,47],"class_list":["post-548","post","type-post","status-publish","format-standard","has-post-thumbnail","hentry","category-agenda","tag-projection","tag-telemillevaches"],"jetpack_publicize_connections":[],"_links":{"self":[{"href":"https:\/\/renouee.millevaches.net\/WP\/wp-json\/wp\/v2\/posts\/548","targetHints":{"allow":["GET"]}}],"collection":[{"href":"https:\/\/renouee.millevaches.net\/WP\/wp-json\/wp\/v2\/posts"}],"about":[{"href":"https:\/\/renouee.millevaches.net\/WP\/wp-json\/wp\/v2\/types\/post"}],"author":[{"embeddable":true,"href":"https:\/\/renouee.millevaches.net\/WP\/wp-json\/wp\/v2\/users\/2"}],"replies":[{"embeddable":true,"href":"https:\/\/renouee.millevaches.net\/WP\/wp-json\/wp\/v2\/comments?post=548"}],"version-history":[{"count":0,"href":"https:\/\/renouee.millevaches.net\/WP\/wp-json\/wp\/v2\/posts\/548\/revisions"}],"wp:featuredmedia":[{"embeddable":true,"href":"https:\/\/renouee.millevaches.net\/WP\/wp-json\/wp\/v2\/media\/2949"}],"wp:attachment":[{"href":"https:\/\/renouee.millevaches.net\/WP\/wp-json\/wp\/v2\/media?parent=548"}],"wp:term":[{"taxonomy":"category","embeddable":true,"href":"https:\/\/renouee.millevaches.net\/WP\/wp-json\/wp\/v2\/categories?post=548"},{"taxonomy":"post_tag","embeddable":true,"href":"https:\/\/renouee.millevaches.net\/WP\/wp-json\/wp\/v2\/tags?post=548"}],"curies":[{"name":"wp","href":"https:\/\/api.w.org\/{rel}","templated":true}]}}