{"id":5396,"date":"2022-06-15T17:38:14","date_gmt":"2022-06-15T17:38:14","guid":{"rendered":"https:\/\/www.renouee.millevaches.net\/?p=5396"},"modified":"2022-06-15T17:38:24","modified_gmt":"2022-06-15T17:38:24","slug":"jeudi-16-juin-a-20h-le-festival-des-caves-a-la-renouee-cest-demain","status":"publish","type":"post","link":"https:\/\/renouee.millevaches.net\/WP\/agenda\/jeudi-16-juin-a-20h-le-festival-des-caves-a-la-renouee-cest-demain\/","title":{"rendered":"Jeudi 16 juin \u00e0 20h: Le festival des caves \u00e0 La Renou\u00e9e, c&rsquo;est demain!"},"content":{"rendered":"\n<p>Dans le cadre du festival de caves, le collectif L\u2019GA et collectif Mixeratum Ergo Sum proposent une pi\u00e8ce de th\u00e9\u00e2tre \u00e0 La Renou\u00e9e \u00e0 20h30: \u00ab&nbsp;Je vous demande&nbsp;\u00bb de Gary Nadeau et avec Cl\u00e9mentine Aubry.<\/p>\n\n\n\n<p>N\u00e9 \u00e0 Besan\u00e7on en 2006, le festival s\u2019\u00e9tend dans toute la France. Notre collectif Mixeratum l\u2019organise depuis 2014 \u00e0 Bordeaux. Depuis l\u2019ann\u00e9e derni\u00e8re, nous travaillons \u00e0 son implantation en milieu rural et dans diff\u00e9rents territoires en r\u00e9gion, notamment en Creuse. Je vous invite \u00e0 d\u00e9couvrir le concept en image \u00e0 travers un reportage de FR3:<a rel=\"noreferrer noopener\" href=\"https:\/\/youtu.be\/vA0SD8kWSRY\" target=\"_blank\">https:\/\/youtu.be\/vA0SD8kWSRY<\/a> .<\/p>\n\n\n\n<p>Au d\u00e9part les spectacles se jouent dans des caves souterraines, mais depuis la COVID, on \u00e9largit les types de lieux pour privil\u00e9gier la motivation des accueillants pour dynamiser des territoires ruraux\u2026 Des granges ou autres espaces associatifs sont donc les bienvenus!<\/p>\n\n\n\n<p><strong>Prix libre<\/strong>.<\/p>\n\n\n\n<p>A la fin de la repr\u00e9sentation <strong>un pot sera offert aux spectateurs <\/strong>pour prolonger la rencontre de fa\u00e7on informelle.<\/p>\n\n\n\n<p><strong>Possibilit\u00e9 de venir m\u00eame sans r\u00e9servation.<\/strong><\/p>\n","protected":false},"excerpt":{"rendered":"<p>Dans le cadre du festival de caves, le collectif L\u2019GA et collectif Mixeratum Ergo Sum proposent une pi\u00e8ce de th\u00e9\u00e2tre \u00e0 La Renou\u00e9e \u00e0 20h30: \u00ab&nbsp;Je vous demande&nbsp;\u00bb de Gary Nadeau et avec Cl\u00e9mentine Aubry. N\u00e9 \u00e0 Besan\u00e7on en 2006, le festival s\u2019\u00e9tend dans toute la France. Notre collectif Mixeratum l\u2019organise depuis 2014 \u00e0 Bordeaux. [&hellip;]<\/p>\n","protected":false},"author":2,"featured_media":5357,"comment_status":"closed","ping_status":"closed","sticky":false,"template":"","format":"standard","meta":{"footnotes":"","jetpack_publicize_message":"","jetpack_publicize_feature_enabled":true,"jetpack_social_post_already_shared":true,"jetpack_social_options":{"image_generator_settings":{"template":"highway","default_image_id":0,"font":"","enabled":false},"version":2}},"categories":[69],"tags":[],"class_list":["post-5396","post","type-post","status-publish","format-standard","has-post-thumbnail","hentry","category-agenda"],"jetpack_publicize_connections":[],"_links":{"self":[{"href":"https:\/\/renouee.millevaches.net\/WP\/wp-json\/wp\/v2\/posts\/5396","targetHints":{"allow":["GET"]}}],"collection":[{"href":"https:\/\/renouee.millevaches.net\/WP\/wp-json\/wp\/v2\/posts"}],"about":[{"href":"https:\/\/renouee.millevaches.net\/WP\/wp-json\/wp\/v2\/types\/post"}],"author":[{"embeddable":true,"href":"https:\/\/renouee.millevaches.net\/WP\/wp-json\/wp\/v2\/users\/2"}],"replies":[{"embeddable":true,"href":"https:\/\/renouee.millevaches.net\/WP\/wp-json\/wp\/v2\/comments?post=5396"}],"version-history":[{"count":0,"href":"https:\/\/renouee.millevaches.net\/WP\/wp-json\/wp\/v2\/posts\/5396\/revisions"}],"wp:featuredmedia":[{"embeddable":true,"href":"https:\/\/renouee.millevaches.net\/WP\/wp-json\/wp\/v2\/media\/5357"}],"wp:attachment":[{"href":"https:\/\/renouee.millevaches.net\/WP\/wp-json\/wp\/v2\/media?parent=5396"}],"wp:term":[{"taxonomy":"category","embeddable":true,"href":"https:\/\/renouee.millevaches.net\/WP\/wp-json\/wp\/v2\/categories?post=5396"},{"taxonomy":"post_tag","embeddable":true,"href":"https:\/\/renouee.millevaches.net\/WP\/wp-json\/wp\/v2\/tags?post=5396"}],"curies":[{"name":"wp","href":"https:\/\/api.w.org\/{rel}","templated":true}]}}