{"id":5092,"date":"2022-03-02T14:07:34","date_gmt":"2022-03-02T14:07:34","guid":{"rendered":"https:\/\/www.renouee.millevaches.net\/?p=5092"},"modified":"2022-03-02T14:07:38","modified_gmt":"2022-03-02T14:07:38","slug":"samedi-5-mars-a-14h-sortie-localiser-les-arbres-a-loges-de-la-commune","status":"publish","type":"post","link":"https:\/\/renouee.millevaches.net\/WP\/agenda\/samedi-5-mars-a-14h-sortie-localiser-les-arbres-a-loges-de-la-commune\/","title":{"rendered":"Samedi 5 mars \u00e0 14h  Sortie \u00ab\u00a0Localiser les arbres \u00e0 loges de la commune\u00a0\u00bb"},"content":{"rendered":"\n<p>Ce <strong>Samedi 5 Mars, <\/strong>Le Champ des Possibles vous donne rendez-vous \u00e0<strong> 14h \u00e0 La Villatte, <\/strong>dans le cadre de ses sorties de l&rsquo; ABC pour:<br><strong>Apprendre \u00e0 identifier\u00a0les loges de pics noirs,<\/strong> et ainsi participer avec nous \u00e0 <strong>l&rsquo;\u00a0inventaire des arbres \u00e0 loges de la commune<\/strong>, en vous formant au protocole \u00ab\u00a0Arbres \u00e0 Loges\u00a0\u00bb. (Circuit de\u00a03km).\u00a0 Venez nombreux, ce sera l&rsquo;occasion de se rencontrer et de former des groupes de prospection!<\/p>\n\n\n\n<p>Gratuit <\/p>\n\n\n\n<p>Ouvert \u00e0 tous<\/p>\n\n\n\n<p>A bient\u00f4t,L&rsquo; \u00e9quipe du Champ des Possibles<\/p>\n\n\n\n<figure class=\"wp-block-image size-large\"><img decoding=\"async\" width=\"724\" height=\"1024\" src=\"https:\/\/www.renouee.millevaches.net\/WP\/wp-content\/uploads\/2022\/03\/Quelle-est-la-capacite-du2019accueil-pour-les-especes-qui-utilisent-les-cavites-arboricoles-pics-chouette-de-Tengmalm-pigeon-colombin-martre\u2026--724x1024.jpg\" alt=\"\" class=\"wp-image-5093\" srcset=\"https:\/\/renouee.millevaches.net\/WP\/wp-content\/uploads\/2022\/03\/Quelle-est-la-capacite-du2019accueil-pour-les-especes-qui-utilisent-les-cavites-arboricoles-pics-chouette-de-Tengmalm-pigeon-colombin-martre\u2026--724x1024.jpg 724w, https:\/\/renouee.millevaches.net\/WP\/wp-content\/uploads\/2022\/03\/Quelle-est-la-capacite-du2019accueil-pour-les-especes-qui-utilisent-les-cavites-arboricoles-pics-chouette-de-Tengmalm-pigeon-colombin-martre\u2026--212x300.jpg 212w, https:\/\/renouee.millevaches.net\/WP\/wp-content\/uploads\/2022\/03\/Quelle-est-la-capacite-du2019accueil-pour-les-especes-qui-utilisent-les-cavites-arboricoles-pics-chouette-de-Tengmalm-pigeon-colombin-martre\u2026--768x1086.jpg 768w, https:\/\/renouee.millevaches.net\/WP\/wp-content\/uploads\/2022\/03\/Quelle-est-la-capacite-du2019accueil-pour-les-especes-qui-utilisent-les-cavites-arboricoles-pics-chouette-de-Tengmalm-pigeon-colombin-martre\u2026--1086x1536.jpg 1086w, https:\/\/renouee.millevaches.net\/WP\/wp-content\/uploads\/2022\/03\/Quelle-est-la-capacite-du2019accueil-pour-les-especes-qui-utilisent-les-cavites-arboricoles-pics-chouette-de-Tengmalm-pigeon-colombin-martre\u2026--1320x1867.jpg 1320w, https:\/\/renouee.millevaches.net\/WP\/wp-content\/uploads\/2022\/03\/Quelle-est-la-capacite-du2019accueil-pour-les-especes-qui-utilisent-les-cavites-arboricoles-pics-chouette-de-Tengmalm-pigeon-colombin-martre\u2026-.jpg 1357w\" sizes=\"(max-width: 724px) 100vw, 724px\" \/><\/figure>\n","protected":false},"excerpt":{"rendered":"<p>Ce Samedi 5 Mars, Le Champ des Possibles vous donne rendez-vous \u00e0 14h \u00e0 La Villatte, dans le cadre de ses sorties de l&rsquo; ABC pour:Apprendre \u00e0 identifier\u00a0les loges de pics noirs, et ainsi participer avec nous \u00e0 l&rsquo;\u00a0inventaire des arbres \u00e0 loges de la commune, en vous formant au protocole \u00ab\u00a0Arbres \u00e0 Loges\u00a0\u00bb. (Circuit [&hellip;]<\/p>\n","protected":false},"author":2,"featured_media":5093,"comment_status":"closed","ping_status":"closed","sticky":false,"template":"","format":"standard","meta":{"footnotes":"","jetpack_publicize_message":"","jetpack_publicize_feature_enabled":true,"jetpack_social_post_already_shared":true,"jetpack_social_options":{"image_generator_settings":{"template":"highway","default_image_id":0,"font":"","enabled":false},"version":2}},"categories":[69],"tags":[],"class_list":["post-5092","post","type-post","status-publish","format-standard","has-post-thumbnail","hentry","category-agenda"],"jetpack_publicize_connections":[],"_links":{"self":[{"href":"https:\/\/renouee.millevaches.net\/WP\/wp-json\/wp\/v2\/posts\/5092","targetHints":{"allow":["GET"]}}],"collection":[{"href":"https:\/\/renouee.millevaches.net\/WP\/wp-json\/wp\/v2\/posts"}],"about":[{"href":"https:\/\/renouee.millevaches.net\/WP\/wp-json\/wp\/v2\/types\/post"}],"author":[{"embeddable":true,"href":"https:\/\/renouee.millevaches.net\/WP\/wp-json\/wp\/v2\/users\/2"}],"replies":[{"embeddable":true,"href":"https:\/\/renouee.millevaches.net\/WP\/wp-json\/wp\/v2\/comments?post=5092"}],"version-history":[{"count":0,"href":"https:\/\/renouee.millevaches.net\/WP\/wp-json\/wp\/v2\/posts\/5092\/revisions"}],"wp:featuredmedia":[{"embeddable":true,"href":"https:\/\/renouee.millevaches.net\/WP\/wp-json\/wp\/v2\/media\/5093"}],"wp:attachment":[{"href":"https:\/\/renouee.millevaches.net\/WP\/wp-json\/wp\/v2\/media?parent=5092"}],"wp:term":[{"taxonomy":"category","embeddable":true,"href":"https:\/\/renouee.millevaches.net\/WP\/wp-json\/wp\/v2\/categories?post=5092"},{"taxonomy":"post_tag","embeddable":true,"href":"https:\/\/renouee.millevaches.net\/WP\/wp-json\/wp\/v2\/tags?post=5092"}],"curies":[{"name":"wp","href":"https:\/\/api.w.org\/{rel}","templated":true}]}}