{"id":5006,"date":"2022-01-19T10:55:06","date_gmt":"2022-01-19T10:55:06","guid":{"rendered":"https:\/\/www.renouee.millevaches.net\/?p=5006"},"modified":"2022-01-19T14:41:33","modified_gmt":"2022-01-19T14:41:33","slug":"jeudi-3-fevrier-19h30-ecoute-collective-dun-podcast-sur-les-parentalites-suivi-dune-discussion","status":"publish","type":"post","link":"https:\/\/renouee.millevaches.net\/WP\/agenda\/jeudi-3-fevrier-19h30-ecoute-collective-dun-podcast-sur-les-parentalites-suivi-dune-discussion\/","title":{"rendered":"Jeudi 3 f\u00e9vrier 19h30 \u00c9coute collective d&rsquo;un podcast sur les parentalit\u00e9s suivi d&rsquo;une discussion"},"content":{"rendered":"\n<p>On ne na\u00eet pas parent, on le devient.<\/p>\n\n\n\n<p>L&rsquo;\u00e9volution des mentalit\u00e9s et des pratiques montre que la parentalit\u00e9 peut aussi bien \u00eatre biologique que sociale. Elle renvoie \u00e9galement \u00e0 la \u00ab\u00a0coparentalit\u00e9\u00a0\u00bb, terme qui engage les deux parents (ou plus) en mati\u00e8re d&rsquo;autorit\u00e9 parentale.<\/p>\n\n\n\n<p>Le planning familial 19 et la Renou\u00e9e vous proposent d\u2019\u00e9couter un podcast qui parle de parentalit\u00e9s, et puis de prendre le temps d\u2019en parler.<\/p>\n\n\n\n<p>Cette premi\u00e8re \u00e9coute se fera autour de l\u2019\u00e9pisode #5 de Quou\u00efr (saison 2), un podcast qui parle d\u2019homoparentalit\u00e9.<\/p>\n\n\n\n<p>Une soupe sera propos\u00e9e \u00e0 prix libre\/possibilit\u00e9 d&rsquo;amener \u00e0 manger.<\/p>\n\n\n\n<p>R\u00e9servation souhait\u00e9e au 06 56 67 95 61<\/p>\n\n\n\n<figure class=\"wp-block-image size-large\"><img decoding=\"async\" width=\"724\" height=\"1024\" src=\"https:\/\/www.renouee.millevaches.net\/WP\/wp-content\/uploads\/2022\/01\/Le-planning-familial-19-et-La-Bascule-organisent4-page-001-724x1024.jpg\" alt=\"\" class=\"wp-image-5010\" srcset=\"https:\/\/renouee.millevaches.net\/WP\/wp-content\/uploads\/2022\/01\/Le-planning-familial-19-et-La-Bascule-organisent4-page-001-724x1024.jpg 724w, https:\/\/renouee.millevaches.net\/WP\/wp-content\/uploads\/2022\/01\/Le-planning-familial-19-et-La-Bascule-organisent4-page-001-212x300.jpg 212w, https:\/\/renouee.millevaches.net\/WP\/wp-content\/uploads\/2022\/01\/Le-planning-familial-19-et-La-Bascule-organisent4-page-001-768x1086.jpg 768w, https:\/\/renouee.millevaches.net\/WP\/wp-content\/uploads\/2022\/01\/Le-planning-familial-19-et-La-Bascule-organisent4-page-001-1086x1536.jpg 1086w, https:\/\/renouee.millevaches.net\/WP\/wp-content\/uploads\/2022\/01\/Le-planning-familial-19-et-La-Bascule-organisent4-page-001-1448x2048.jpg 1448w, https:\/\/renouee.millevaches.net\/WP\/wp-content\/uploads\/2022\/01\/Le-planning-familial-19-et-La-Bascule-organisent4-page-001-1320x1867.jpg 1320w, https:\/\/renouee.millevaches.net\/WP\/wp-content\/uploads\/2022\/01\/Le-planning-familial-19-et-La-Bascule-organisent4-page-001-scaled.jpg 1358w\" sizes=\"(max-width: 724px) 100vw, 724px\" \/><\/figure>\n","protected":false},"excerpt":{"rendered":"<p>On ne na\u00eet pas parent, on le devient. L&rsquo;\u00e9volution des mentalit\u00e9s et des pratiques montre que la parentalit\u00e9 peut aussi bien \u00eatre biologique que sociale. Elle renvoie \u00e9galement \u00e0 la \u00ab\u00a0coparentalit\u00e9\u00a0\u00bb, terme qui engage les deux parents (ou plus) en mati\u00e8re d&rsquo;autorit\u00e9 parentale. Le planning familial 19 et la Renou\u00e9e vous proposent d\u2019\u00e9couter un podcast [&hellip;]<\/p>\n","protected":false},"author":2,"featured_media":5010,"comment_status":"closed","ping_status":"closed","sticky":false,"template":"","format":"standard","meta":{"footnotes":"","jetpack_publicize_message":"","jetpack_publicize_feature_enabled":true,"jetpack_social_post_already_shared":true,"jetpack_social_options":{"image_generator_settings":{"template":"highway","default_image_id":0,"font":"","enabled":false},"version":2}},"categories":[69],"tags":[],"class_list":["post-5006","post","type-post","status-publish","format-standard","has-post-thumbnail","hentry","category-agenda"],"jetpack_publicize_connections":[],"_links":{"self":[{"href":"https:\/\/renouee.millevaches.net\/WP\/wp-json\/wp\/v2\/posts\/5006","targetHints":{"allow":["GET"]}}],"collection":[{"href":"https:\/\/renouee.millevaches.net\/WP\/wp-json\/wp\/v2\/posts"}],"about":[{"href":"https:\/\/renouee.millevaches.net\/WP\/wp-json\/wp\/v2\/types\/post"}],"author":[{"embeddable":true,"href":"https:\/\/renouee.millevaches.net\/WP\/wp-json\/wp\/v2\/users\/2"}],"replies":[{"embeddable":true,"href":"https:\/\/renouee.millevaches.net\/WP\/wp-json\/wp\/v2\/comments?post=5006"}],"version-history":[{"count":0,"href":"https:\/\/renouee.millevaches.net\/WP\/wp-json\/wp\/v2\/posts\/5006\/revisions"}],"wp:featuredmedia":[{"embeddable":true,"href":"https:\/\/renouee.millevaches.net\/WP\/wp-json\/wp\/v2\/media\/5010"}],"wp:attachment":[{"href":"https:\/\/renouee.millevaches.net\/WP\/wp-json\/wp\/v2\/media?parent=5006"}],"wp:term":[{"taxonomy":"category","embeddable":true,"href":"https:\/\/renouee.millevaches.net\/WP\/wp-json\/wp\/v2\/categories?post=5006"},{"taxonomy":"post_tag","embeddable":true,"href":"https:\/\/renouee.millevaches.net\/WP\/wp-json\/wp\/v2\/tags?post=5006"}],"curies":[{"name":"wp","href":"https:\/\/api.w.org\/{rel}","templated":true}]}}