{"id":4981,"date":"2022-01-10T15:50:17","date_gmt":"2022-01-10T15:50:17","guid":{"rendered":"https:\/\/www.renouee.millevaches.net\/?p=4981"},"modified":"2022-01-17T11:11:06","modified_gmt":"2022-01-17T11:11:06","slug":"vendredi-21-janvier-19h-rencontre-discussion-sur-les-mouvements-sociaux-en-colombie","status":"publish","type":"post","link":"https:\/\/renouee.millevaches.net\/WP\/agenda\/vendredi-21-janvier-19h-rencontre-discussion-sur-les-mouvements-sociaux-en-colombie\/","title":{"rendered":"Vendredi 21 janvier 19h Soir\u00e9e projection et \u00e9change sur la gr\u00e8ve nationale en Colombie en avril 21."},"content":{"rendered":"\n<p><strong>Invitation vendredi 21 janvier 2022 \u00e0 19h \u00e0 la Renou\u00e9e \u00e0 Gentioux Pigerolles <\/strong>pour visionner le documentaire<strong> <a rel=\"noreferrer noopener\" href=\"https:\/\/youtu.be\/k_VHLetKC0o\" target=\"_blank\">\u00ab\u00a0Un nuevo pa\u00eds nace desde las barricadas\u00a0\u00bb<\/a><\/strong> (Un nouveau pays na\u00eet depuis les barricades)<br>En compagnie de deux <a rel=\"noreferrer noopener\" href=\"http:\/\/xn--intgrant-d1a.es\" target=\"_blank\">int\u00e9grant.es<\/a> de la <a rel=\"noreferrer noopener\" href=\"http:\/\/redcolombia.org\/\" target=\"_blank\">Red de Hermandad con Colombia<\/a>, r\u00e9seau de solidarit\u00e9 avec les luttes sociales en Colombie, nous pourrons aborder le bouleversement social que conna\u00eet la Colombie face aux in\u00e9galit\u00e9s et \u00e0 la r\u00e9pression, laissant d\u00e9couvrir un nouveau pays qui se l\u00e8ve au milieu des barricades dans les quartiers populaires<strong>, <\/strong>lors de la gr\u00e8ve nationale d&rsquo;avril 2021. \u00a0 <\/p>\n\n\n\n<p><strong>Soupe et accueil \u00e0 19h et Film \u00e0 20h suivi d&rsquo;un \u00e9change.<\/strong><\/p>\n\n\n\n<p>Ouverts \u00e0 toutes et<strong> \u00e0 tous<\/strong><\/p>\n\n\n\n<p><\/p>\n","protected":false},"excerpt":{"rendered":"<p>Invitation vendredi 21 janvier 2022 \u00e0 19h \u00e0 la Renou\u00e9e \u00e0 Gentioux Pigerolles pour visionner le documentaire \u00ab\u00a0Un nuevo pa\u00eds nace desde las barricadas\u00a0\u00bb (Un nouveau pays na\u00eet depuis les barricades)En compagnie de deux int\u00e9grant.es de la Red de Hermandad con Colombia, r\u00e9seau de solidarit\u00e9 avec les luttes sociales en Colombie, nous pourrons aborder le [&hellip;]<\/p>\n","protected":false},"author":2,"featured_media":4982,"comment_status":"closed","ping_status":"closed","sticky":false,"template":"","format":"standard","meta":{"footnotes":"","jetpack_publicize_message":"","jetpack_publicize_feature_enabled":true,"jetpack_social_post_already_shared":true,"jetpack_social_options":{"image_generator_settings":{"template":"highway","default_image_id":0,"font":"","enabled":false},"version":2}},"categories":[69],"tags":[],"class_list":["post-4981","post","type-post","status-publish","format-standard","has-post-thumbnail","hentry","category-agenda"],"jetpack_publicize_connections":[],"_links":{"self":[{"href":"https:\/\/renouee.millevaches.net\/WP\/wp-json\/wp\/v2\/posts\/4981","targetHints":{"allow":["GET"]}}],"collection":[{"href":"https:\/\/renouee.millevaches.net\/WP\/wp-json\/wp\/v2\/posts"}],"about":[{"href":"https:\/\/renouee.millevaches.net\/WP\/wp-json\/wp\/v2\/types\/post"}],"author":[{"embeddable":true,"href":"https:\/\/renouee.millevaches.net\/WP\/wp-json\/wp\/v2\/users\/2"}],"replies":[{"embeddable":true,"href":"https:\/\/renouee.millevaches.net\/WP\/wp-json\/wp\/v2\/comments?post=4981"}],"version-history":[{"count":0,"href":"https:\/\/renouee.millevaches.net\/WP\/wp-json\/wp\/v2\/posts\/4981\/revisions"}],"wp:featuredmedia":[{"embeddable":true,"href":"https:\/\/renouee.millevaches.net\/WP\/wp-json\/wp\/v2\/media\/4982"}],"wp:attachment":[{"href":"https:\/\/renouee.millevaches.net\/WP\/wp-json\/wp\/v2\/media?parent=4981"}],"wp:term":[{"taxonomy":"category","embeddable":true,"href":"https:\/\/renouee.millevaches.net\/WP\/wp-json\/wp\/v2\/categories?post=4981"},{"taxonomy":"post_tag","embeddable":true,"href":"https:\/\/renouee.millevaches.net\/WP\/wp-json\/wp\/v2\/tags?post=4981"}],"curies":[{"name":"wp","href":"https:\/\/api.w.org\/{rel}","templated":true}]}}