{"id":4879,"date":"2021-12-08T14:47:47","date_gmt":"2021-12-08T14:47:47","guid":{"rendered":"https:\/\/www.renouee.millevaches.net\/?p=4879"},"modified":"2024-08-31T15:50:31","modified_gmt":"2024-08-31T15:50:31","slug":"samedi-22-janvier-a-17h-atelier-orientation","status":"publish","type":"post","link":"https:\/\/renouee.millevaches.net\/WP\/agenda\/samedi-22-janvier-a-17h-atelier-orientation\/","title":{"rendered":"Samedi 22 janvier \u00e0 17h Atelier orientation"},"content":{"rendered":"\n<p><strong>Pour ados d\u00e8s 14 ans, jeunes et adultes en r\u00e9orientation.&nbsp;<\/strong><\/p>\n\n\n\n<p>Si vous souhaitez un coup de pouce pour \u00e9clairer votre orientation scolaire ou professionnelle, votre r\u00e9orientation ou voter \u00e9volution professionnelle, je vous invite \u00e0 d\u00e9couvrir votre personnalit\u00e9 professionnelle&nbsp;avec l&rsquo;analyse<strong><a href=\"https:\/\/www.institutdelavocation.fr\/lanalyse-cgp\/\" data-type=\"URL\" data-id=\"https:\/\/www.institutdelavocation.fr\/lanalyse-cgp\/\"> CGP<\/a><\/strong>: Centre de Gravit\u00e9 Professionnel <em>(Je me suis form\u00e9e \u00e0 l\u2019Institut de la vocation \u00e0 Lyon). <\/em>Cette approche originale apporte diverses r\u00e9ponses sur nos diff\u00e9rents besoins en situation de apprentissage ou de \u00ab&nbsp;travail&nbsp;\u00bb, sur nos t\u00e2ches, fonctions, responsabilit\u00e9s \u00e0 d\u00e9velopper ou assumer et d\u2019autres donn\u00e9es plus personnelles.<\/p>\n\n\n\n<p>Courte \u00ab\u00a0causerie\u00a0\u00bb sur l&rsquo;orientation des jeunes et la r\u00e9orientation des adultes,&nbsp;passation individuel du test CGP, analyse collective du test et remise du r\u00e9sultat individuel \u00e0 chacun sur clef usb ou par mail<\/p>\n\n\n\n<p><strong>Prix libre<\/strong><\/p>\n\n\n\n<p><strong>Infos et inscription: <a href=\"emilie9@posteo.net\">emilie9@posteo.net<\/a><\/strong><\/p>\n\n\n\n<figure class=\"wp-block-image size-large\"><img decoding=\"async\" width=\"724\" height=\"1024\" src=\"https:\/\/www.renouee.millevaches.net\/WP\/wp-content\/uploads\/2021\/12\/Eleve-toi-avec-les-enfants-3-724x1024.jpg\" alt=\"\" class=\"wp-image-4880\" srcset=\"https:\/\/renouee.millevaches.net\/WP\/wp-content\/uploads\/2021\/12\/Eleve-toi-avec-les-enfants-3-724x1024.jpg 724w, https:\/\/renouee.millevaches.net\/WP\/wp-content\/uploads\/2021\/12\/Eleve-toi-avec-les-enfants-3-212x300.jpg 212w, https:\/\/renouee.millevaches.net\/WP\/wp-content\/uploads\/2021\/12\/Eleve-toi-avec-les-enfants-3-768x1086.jpg 768w, https:\/\/renouee.millevaches.net\/WP\/wp-content\/uploads\/2021\/12\/Eleve-toi-avec-les-enfants-3-1086x1536.jpg 1086w, https:\/\/renouee.millevaches.net\/WP\/wp-content\/uploads\/2021\/12\/Eleve-toi-avec-les-enfants-3-1448x2048.jpg 1448w, https:\/\/renouee.millevaches.net\/WP\/wp-content\/uploads\/2021\/12\/Eleve-toi-avec-les-enfants-3-1320x1867.jpg 1320w, https:\/\/renouee.millevaches.net\/WP\/wp-content\/uploads\/2021\/12\/Eleve-toi-avec-les-enfants-3.jpg 1357w\" sizes=\"(max-width: 724px) 100vw, 724px\" \/><\/figure>\n","protected":false},"excerpt":{"rendered":"<p>Pour ados d\u00e8s 14 ans, jeunes et adultes en r\u00e9orientation.&nbsp; Si vous souhaitez un coup de pouce pour \u00e9clairer votre orientation scolaire ou professionnelle, votre r\u00e9orientation ou voter \u00e9volution professionnelle, je vous invite \u00e0 d\u00e9couvrir votre personnalit\u00e9 professionnelle&nbsp;avec l&rsquo;analyse CGP: Centre de Gravit\u00e9 Professionnel (Je me suis form\u00e9e \u00e0 l\u2019Institut de la vocation \u00e0 Lyon). [&hellip;]<\/p>\n","protected":false},"author":2,"featured_media":4880,"comment_status":"closed","ping_status":"closed","sticky":false,"template":"","format":"standard","meta":{"footnotes":"","jetpack_publicize_message":"","jetpack_publicize_feature_enabled":true,"jetpack_social_post_already_shared":true,"jetpack_social_options":{"image_generator_settings":{"template":"highway","default_image_id":0,"font":"","enabled":false},"version":2}},"categories":[69],"tags":[],"class_list":["post-4879","post","type-post","status-publish","format-standard","has-post-thumbnail","hentry","category-agenda"],"jetpack_publicize_connections":[],"_links":{"self":[{"href":"https:\/\/renouee.millevaches.net\/WP\/wp-json\/wp\/v2\/posts\/4879","targetHints":{"allow":["GET"]}}],"collection":[{"href":"https:\/\/renouee.millevaches.net\/WP\/wp-json\/wp\/v2\/posts"}],"about":[{"href":"https:\/\/renouee.millevaches.net\/WP\/wp-json\/wp\/v2\/types\/post"}],"author":[{"embeddable":true,"href":"https:\/\/renouee.millevaches.net\/WP\/wp-json\/wp\/v2\/users\/2"}],"replies":[{"embeddable":true,"href":"https:\/\/renouee.millevaches.net\/WP\/wp-json\/wp\/v2\/comments?post=4879"}],"version-history":[{"count":0,"href":"https:\/\/renouee.millevaches.net\/WP\/wp-json\/wp\/v2\/posts\/4879\/revisions"}],"wp:featuredmedia":[{"embeddable":true,"href":"https:\/\/renouee.millevaches.net\/WP\/wp-json\/wp\/v2\/media\/4880"}],"wp:attachment":[{"href":"https:\/\/renouee.millevaches.net\/WP\/wp-json\/wp\/v2\/media?parent=4879"}],"wp:term":[{"taxonomy":"category","embeddable":true,"href":"https:\/\/renouee.millevaches.net\/WP\/wp-json\/wp\/v2\/categories?post=4879"},{"taxonomy":"post_tag","embeddable":true,"href":"https:\/\/renouee.millevaches.net\/WP\/wp-json\/wp\/v2\/tags?post=4879"}],"curies":[{"name":"wp","href":"https:\/\/api.w.org\/{rel}","templated":true}]}}