{"id":4875,"date":"2021-12-08T14:35:10","date_gmt":"2021-12-08T14:35:10","guid":{"rendered":"https:\/\/www.renouee.millevaches.net\/?p=4875"},"modified":"2024-08-31T15:50:31","modified_gmt":"2024-08-31T15:50:31","slug":"dimanche-15-janvier-formation-autour-de-la-parentalite-eleve-toi-avec-tes-enfants","status":"publish","type":"post","link":"https:\/\/renouee.millevaches.net\/WP\/agenda\/dimanche-15-janvier-formation-autour-de-la-parentalite-eleve-toi-avec-tes-enfants\/","title":{"rendered":"Dimanche 16 janvier formation autour de la parentalit\u00e9"},"content":{"rendered":"\n<p><strong>ATTENTION! une erreur sur la date, c&rsquo;est bien le dimanche 16 janvier!!!<\/strong><\/p>\n\n\n\n<p>Emilie propose une s\u00e9rie de plusieurs rendez-vous.<\/p>\n\n\n\n<p>Une journ\u00e9e propose de se ressourcer,&nbsp;pour gagner en confiance et s\u00e9r\u00e9nit\u00e9, pour d\u00e9couvrir ou approfondir des pratiques pour accompagner les enfants avec justesse, clart\u00e9 et douceur. Bienveillance, \u00e9coute, partages et bonne humeur.<\/p>\n\n\n\n<p><strong>De 10h \u00e0 17h<\/strong> <strong>pour les adultes qui souhaitent faire de leur mieux aupr\u00e8s des enfants, en<\/strong> <strong>milieu familial ou professionnel&nbsp;: parents, futurs parents,&nbsp;grands-parents, \u00e9ducateurs, animateurs, nounous\u2026<\/strong><\/p>\n\n\n\n<p>Si vous vous occupez d\u2019enfants ou vous pr\u00e9parez \u00e0 le faire, et si vous aspirez \u00e0 \u00e9voluer dans vos pratiques et vos compr\u00e9hensions afin que les enfants grandissent en confiance et expriment leur singularit\u00e9 et leurs potentiels, voici une journ\u00e9e (sans enfants) pour vous !<\/p>\n\n\n\n<p><strong>Prix libre \u00e0 partir de 25 euros<\/strong><\/p>\n\n\n\n<p><strong>Informations et r\u00e9servation aupr\u00e8s d&rsquo;Emilie: <a href=\"mailto:emilie9@posteo.net\">emilie9@posteo.net<\/a><\/strong><\/p>\n\n\n\n<figure class=\"wp-block-image size-large\"><img decoding=\"async\" width=\"724\" height=\"1024\" src=\"https:\/\/www.renouee.millevaches.net\/WP\/wp-content\/uploads\/2022\/01\/Ele\u0300ve-toi-avec-les-enfants-1-page-001-724x1024.jpg\" alt=\"\" class=\"wp-image-4987\" srcset=\"https:\/\/renouee.millevaches.net\/WP\/wp-content\/uploads\/2022\/01\/Ele\u0300ve-toi-avec-les-enfants-1-page-001-724x1024.jpg 724w, https:\/\/renouee.millevaches.net\/WP\/wp-content\/uploads\/2022\/01\/Ele\u0300ve-toi-avec-les-enfants-1-page-001-212x300.jpg 212w, https:\/\/renouee.millevaches.net\/WP\/wp-content\/uploads\/2022\/01\/Ele\u0300ve-toi-avec-les-enfants-1-page-001-768x1086.jpg 768w, https:\/\/renouee.millevaches.net\/WP\/wp-content\/uploads\/2022\/01\/Ele\u0300ve-toi-avec-les-enfants-1-page-001-1086x1536.jpg 1086w, https:\/\/renouee.millevaches.net\/WP\/wp-content\/uploads\/2022\/01\/Ele\u0300ve-toi-avec-les-enfants-1-page-001-1448x2048.jpg 1448w, https:\/\/renouee.millevaches.net\/WP\/wp-content\/uploads\/2022\/01\/Ele\u0300ve-toi-avec-les-enfants-1-page-001-1320x1867.jpg 1320w, https:\/\/renouee.millevaches.net\/WP\/wp-content\/uploads\/2022\/01\/Ele\u0300ve-toi-avec-les-enfants-1-page-001-scaled.jpg 1358w\" sizes=\"(max-width: 724px) 100vw, 724px\" \/><\/figure>\n","protected":false},"excerpt":{"rendered":"<p>ATTENTION! une erreur sur la date, c&rsquo;est bien le dimanche 16 janvier!!! Emilie propose une s\u00e9rie de plusieurs rendez-vous. Une journ\u00e9e propose de se ressourcer,&nbsp;pour gagner en confiance et s\u00e9r\u00e9nit\u00e9, pour d\u00e9couvrir ou approfondir des pratiques pour accompagner les enfants avec justesse, clart\u00e9 et douceur. Bienveillance, \u00e9coute, partages et bonne humeur. De 10h \u00e0 17h [&hellip;]<\/p>\n","protected":false},"author":2,"featured_media":4987,"comment_status":"closed","ping_status":"closed","sticky":false,"template":"","format":"standard","meta":{"footnotes":"","jetpack_publicize_message":"","jetpack_publicize_feature_enabled":true,"jetpack_social_post_already_shared":true,"jetpack_social_options":{"image_generator_settings":{"template":"highway","default_image_id":0,"font":"","enabled":false},"version":2}},"categories":[69],"tags":[],"class_list":["post-4875","post","type-post","status-publish","format-standard","has-post-thumbnail","hentry","category-agenda"],"jetpack_publicize_connections":[],"_links":{"self":[{"href":"https:\/\/renouee.millevaches.net\/WP\/wp-json\/wp\/v2\/posts\/4875","targetHints":{"allow":["GET"]}}],"collection":[{"href":"https:\/\/renouee.millevaches.net\/WP\/wp-json\/wp\/v2\/posts"}],"about":[{"href":"https:\/\/renouee.millevaches.net\/WP\/wp-json\/wp\/v2\/types\/post"}],"author":[{"embeddable":true,"href":"https:\/\/renouee.millevaches.net\/WP\/wp-json\/wp\/v2\/users\/2"}],"replies":[{"embeddable":true,"href":"https:\/\/renouee.millevaches.net\/WP\/wp-json\/wp\/v2\/comments?post=4875"}],"version-history":[{"count":0,"href":"https:\/\/renouee.millevaches.net\/WP\/wp-json\/wp\/v2\/posts\/4875\/revisions"}],"wp:featuredmedia":[{"embeddable":true,"href":"https:\/\/renouee.millevaches.net\/WP\/wp-json\/wp\/v2\/media\/4987"}],"wp:attachment":[{"href":"https:\/\/renouee.millevaches.net\/WP\/wp-json\/wp\/v2\/media?parent=4875"}],"wp:term":[{"taxonomy":"category","embeddable":true,"href":"https:\/\/renouee.millevaches.net\/WP\/wp-json\/wp\/v2\/categories?post=4875"},{"taxonomy":"post_tag","embeddable":true,"href":"https:\/\/renouee.millevaches.net\/WP\/wp-json\/wp\/v2\/tags?post=4875"}],"curies":[{"name":"wp","href":"https:\/\/api.w.org\/{rel}","templated":true}]}}