{"id":4870,"date":"2021-12-08T14:17:42","date_gmt":"2021-12-08T14:17:42","guid":{"rendered":"https:\/\/www.renouee.millevaches.net\/?p=4870"},"modified":"2021-12-08T14:17:46","modified_gmt":"2021-12-08T14:17:46","slug":"lundi-13-et-20-decembre-la-librairie-associative-et-itinerante-la-limouzine-sur-le-marche","status":"publish","type":"post","link":"https:\/\/renouee.millevaches.net\/WP\/agenda\/lundi-13-et-20-decembre-la-librairie-associative-et-itinerante-la-limouzine-sur-le-marche\/","title":{"rendered":"Lundi 13 et 20 d\u00e9cembre La librairie associative et itin\u00e9rante La Limou&rsquo;Zine sur le march\u00e9"},"content":{"rendered":"\n<h2 class=\"wp-block-heading\">La librairie \u00ab\u00a0La Limou&rsquo;Zine\u00a0\u00bb, une librairie associative en Limousin.<\/h2>\n\n\n\n<p>Fond\u00e9e en Janvier 2021 \u00e0 Dontreix (Creuse) et maintenant bas\u00e9 sur la commune de Magnat-l&rsquo;\u00e9trange, La Limou&rsquo;Zine est une librairie associative, \u00e0 but culturel et non lucratif.<br>Constatant la faible pr\u00e9sence de librairie dans cette r\u00e9gion que nous habitons, et ce malgr\u00e9 un r\u00e9seau important et dynamique de biblioth\u00e8ques, nous avons imagin\u00e9 ce projet.<br>Librairie en Caravane (et aussi un peu sur Internet), la Limou&rsquo;Zine se donne comme objectif de proposer du livre de qualit\u00e9, d&rsquo;\u00e9diteurs ind\u00e9pendants dont les valeurs nous sont proches, et de contribuer par ses activit\u00e9s aux rayonnements culturels de la Creuse et du Limousin.<\/p>\n\n\n\n<p>Elle sera pr\u00e9sente lundi 13 et 20 d\u00e9cembre \u00e0 La Renou\u00e9e pendant la dur\u00e9e du march\u00e9.<\/p>\n\n\n\n<p>Pour en savoir plus sur La Limou&rsquo;zine: <a href=\"https:\/\/lalimouzine.fr\/\" data-type=\"URL\" data-id=\"https:\/\/lalimouzine.fr\/\">https:\/\/lalimouzine.fr\/<\/a><\/p>\n\n\n\n<figure class=\"wp-block-image size-large\"><img decoding=\"async\" width=\"717\" height=\"1024\" src=\"https:\/\/www.renouee.millevaches.net\/WP\/wp-content\/uploads\/2021\/12\/afficheGentioux-1-717x1024.jpg\" alt=\"\" class=\"wp-image-4871\" srcset=\"https:\/\/renouee.millevaches.net\/WP\/wp-content\/uploads\/2021\/12\/afficheGentioux-1-717x1024.jpg 717w, https:\/\/renouee.millevaches.net\/WP\/wp-content\/uploads\/2021\/12\/afficheGentioux-1-210x300.jpg 210w, https:\/\/renouee.millevaches.net\/WP\/wp-content\/uploads\/2021\/12\/afficheGentioux-1-768x1098.jpg 768w, https:\/\/renouee.millevaches.net\/WP\/wp-content\/uploads\/2021\/12\/afficheGentioux-1-1075x1536.jpg 1075w, https:\/\/renouee.millevaches.net\/WP\/wp-content\/uploads\/2021\/12\/afficheGentioux-1-1433x2048.jpg 1433w, https:\/\/renouee.millevaches.net\/WP\/wp-content\/uploads\/2021\/12\/afficheGentioux-1-1320x1886.jpg 1320w, https:\/\/renouee.millevaches.net\/WP\/wp-content\/uploads\/2021\/12\/afficheGentioux-1-scaled.jpg 1343w\" sizes=\"(max-width: 717px) 100vw, 717px\" \/><\/figure>\n","protected":false},"excerpt":{"rendered":"<p>La librairie \u00ab\u00a0La Limou&rsquo;Zine\u00a0\u00bb, une librairie associative en Limousin. Fond\u00e9e en Janvier 2021 \u00e0 Dontreix (Creuse) et maintenant bas\u00e9 sur la commune de Magnat-l&rsquo;\u00e9trange, La Limou&rsquo;Zine est une librairie associative, \u00e0 but culturel et non lucratif.Constatant la faible pr\u00e9sence de librairie dans cette r\u00e9gion que nous habitons, et ce malgr\u00e9 un r\u00e9seau important et dynamique [&hellip;]<\/p>\n","protected":false},"author":2,"featured_media":4872,"comment_status":"closed","ping_status":"closed","sticky":false,"template":"","format":"standard","meta":{"footnotes":"","jetpack_publicize_message":"","jetpack_publicize_feature_enabled":true,"jetpack_social_post_already_shared":true,"jetpack_social_options":{"image_generator_settings":{"template":"highway","default_image_id":0,"font":"","enabled":false},"version":2}},"categories":[69],"tags":[],"class_list":["post-4870","post","type-post","status-publish","format-standard","has-post-thumbnail","hentry","category-agenda"],"jetpack_publicize_connections":[],"_links":{"self":[{"href":"https:\/\/renouee.millevaches.net\/WP\/wp-json\/wp\/v2\/posts\/4870","targetHints":{"allow":["GET"]}}],"collection":[{"href":"https:\/\/renouee.millevaches.net\/WP\/wp-json\/wp\/v2\/posts"}],"about":[{"href":"https:\/\/renouee.millevaches.net\/WP\/wp-json\/wp\/v2\/types\/post"}],"author":[{"embeddable":true,"href":"https:\/\/renouee.millevaches.net\/WP\/wp-json\/wp\/v2\/users\/2"}],"replies":[{"embeddable":true,"href":"https:\/\/renouee.millevaches.net\/WP\/wp-json\/wp\/v2\/comments?post=4870"}],"version-history":[{"count":0,"href":"https:\/\/renouee.millevaches.net\/WP\/wp-json\/wp\/v2\/posts\/4870\/revisions"}],"wp:featuredmedia":[{"embeddable":true,"href":"https:\/\/renouee.millevaches.net\/WP\/wp-json\/wp\/v2\/media\/4872"}],"wp:attachment":[{"href":"https:\/\/renouee.millevaches.net\/WP\/wp-json\/wp\/v2\/media?parent=4870"}],"wp:term":[{"taxonomy":"category","embeddable":true,"href":"https:\/\/renouee.millevaches.net\/WP\/wp-json\/wp\/v2\/categories?post=4870"},{"taxonomy":"post_tag","embeddable":true,"href":"https:\/\/renouee.millevaches.net\/WP\/wp-json\/wp\/v2\/tags?post=4870"}],"curies":[{"name":"wp","href":"https:\/\/api.w.org\/{rel}","templated":true}]}}