{"id":4844,"date":"2021-11-29T14:19:18","date_gmt":"2021-11-29T14:19:18","guid":{"rendered":"https:\/\/www.renouee.millevaches.net\/?p=4844"},"modified":"2021-11-29T14:19:22","modified_gmt":"2021-11-29T14:19:22","slug":"mardi-14-decembre-a-18h-reunion-de-lancement-des-travaux-de-par-la-racine","status":"publish","type":"post","link":"https:\/\/renouee.millevaches.net\/WP\/agenda\/mardi-14-decembre-a-18h-reunion-de-lancement-des-travaux-de-par-la-racine\/","title":{"rendered":"Mardi 14 d\u00e9cembre \u00e0 18h R\u00e9union de lancement des travaux de Par La racine"},"content":{"rendered":"\n<p><strong>PAR LA RACINE 2022 :<\/strong> <strong>Le mardi 14 d\u00e9cembre \u00e0 18H<\/strong><strong> \u00e0 la Renou\u00e9e, Gentioux-Pigerolles.<\/strong><\/p>\n\n\n\n<p>R\u00e9union de lancement des travaux de Par La Racine pour l&rsquo;ann\u00e9e 2022.<br>Nous souhaitons ouvrir le groupe Par la Racine \u00e0 tous et toutes. Les envies sont nombreuses, nous avons besoin de vous pour faire exister ces initiatives. Rejoignez-nous pour cette pr\u00e9sentation des travaux et comprendre leur enjeux. Et si le c\u0153ur vous en dit, vous pourrez participer \u00e0 un des groupes de travail pour les sujets suivants :<\/p>\n\n\n\n<ul class=\"wp-block-list\"><li>Un guide : les fun\u00e9railles, comment faire ?<\/li><li>La programmation des Caf\u00e9s Mortels et de leur d\u00e9veloppement.<\/li><li>Un Cimeti\u00e8re Naturel sur la Montagne Limousine<\/li><\/ul>\n\n\n\n<p>Cette r\u00e9union est le pr\u00e9misse d&rsquo;un groupe d&rsquo;habitant.es de la Montagne Limousine qui souhaitent se mobiliser pour une belle fin de vie.<br>Nous vous esp\u00e9rons nombreusEs !<\/p>\n\n\n\n<p><a href=\"http:\/\/parlaracinesurunplateau.wordpress.com\" data-type=\"URL\" data-id=\"parlaracinesurunplateau.wordpress.com\">parlaracinesurunplateau.wordpress.com<\/a><\/p>\n\n\n\n<figure class=\"wp-block-image size-large\"><img decoding=\"async\" width=\"1024\" height=\"1024\" src=\"https:\/\/www.renouee.millevaches.net\/WP\/wp-content\/uploads\/2021\/11\/cafemortel-edited-1024x1024.jpg\" alt=\"\" class=\"wp-image-4846\" srcset=\"https:\/\/renouee.millevaches.net\/WP\/wp-content\/uploads\/2021\/11\/cafemortel-edited-1024x1024.jpg 1024w, https:\/\/renouee.millevaches.net\/WP\/wp-content\/uploads\/2021\/11\/cafemortel-edited-300x300.jpg 300w, https:\/\/renouee.millevaches.net\/WP\/wp-content\/uploads\/2021\/11\/cafemortel-edited-150x150.jpg 150w, https:\/\/renouee.millevaches.net\/WP\/wp-content\/uploads\/2021\/11\/cafemortel-edited-768x769.jpg 768w, https:\/\/renouee.millevaches.net\/WP\/wp-content\/uploads\/2021\/11\/cafemortel-edited-1320x1321.jpg 1320w, https:\/\/renouee.millevaches.net\/WP\/wp-content\/uploads\/2021\/11\/cafemortel-edited-80x80.jpg 80w, https:\/\/renouee.millevaches.net\/WP\/wp-content\/uploads\/2021\/11\/cafemortel-edited.jpg 1488w\" sizes=\"(max-width: 1024px) 100vw, 1024px\" \/><\/figure>\n","protected":false},"excerpt":{"rendered":"<p>PAR LA RACINE 2022 : Le mardi 14 d\u00e9cembre \u00e0 18H \u00e0 la Renou\u00e9e, Gentioux-Pigerolles. R\u00e9union de lancement des travaux de Par La Racine pour l&rsquo;ann\u00e9e 2022.Nous souhaitons ouvrir le groupe Par la Racine \u00e0 tous et toutes. Les envies sont nombreuses, nous avons besoin de vous pour faire exister ces initiatives. Rejoignez-nous pour cette [&hellip;]<\/p>\n","protected":false},"author":2,"featured_media":4845,"comment_status":"closed","ping_status":"closed","sticky":false,"template":"","format":"standard","meta":{"footnotes":"","jetpack_publicize_message":"","jetpack_publicize_feature_enabled":true,"jetpack_social_post_already_shared":true,"jetpack_social_options":{"image_generator_settings":{"template":"highway","default_image_id":0,"font":"","enabled":false},"version":2}},"categories":[69],"tags":[],"class_list":["post-4844","post","type-post","status-publish","format-standard","has-post-thumbnail","hentry","category-agenda"],"jetpack_publicize_connections":[],"_links":{"self":[{"href":"https:\/\/renouee.millevaches.net\/WP\/wp-json\/wp\/v2\/posts\/4844","targetHints":{"allow":["GET"]}}],"collection":[{"href":"https:\/\/renouee.millevaches.net\/WP\/wp-json\/wp\/v2\/posts"}],"about":[{"href":"https:\/\/renouee.millevaches.net\/WP\/wp-json\/wp\/v2\/types\/post"}],"author":[{"embeddable":true,"href":"https:\/\/renouee.millevaches.net\/WP\/wp-json\/wp\/v2\/users\/2"}],"replies":[{"embeddable":true,"href":"https:\/\/renouee.millevaches.net\/WP\/wp-json\/wp\/v2\/comments?post=4844"}],"version-history":[{"count":0,"href":"https:\/\/renouee.millevaches.net\/WP\/wp-json\/wp\/v2\/posts\/4844\/revisions"}],"wp:featuredmedia":[{"embeddable":true,"href":"https:\/\/renouee.millevaches.net\/WP\/wp-json\/wp\/v2\/media\/4845"}],"wp:attachment":[{"href":"https:\/\/renouee.millevaches.net\/WP\/wp-json\/wp\/v2\/media?parent=4844"}],"wp:term":[{"taxonomy":"category","embeddable":true,"href":"https:\/\/renouee.millevaches.net\/WP\/wp-json\/wp\/v2\/categories?post=4844"},{"taxonomy":"post_tag","embeddable":true,"href":"https:\/\/renouee.millevaches.net\/WP\/wp-json\/wp\/v2\/tags?post=4844"}],"curies":[{"name":"wp","href":"https:\/\/api.w.org\/{rel}","templated":true}]}}