{"id":4835,"date":"2021-12-01T11:42:56","date_gmt":"2021-12-01T11:42:56","guid":{"rendered":"https:\/\/www.renouee.millevaches.net\/?p=4835"},"modified":"2021-12-01T11:43:00","modified_gmt":"2021-12-01T11:43:00","slug":"ateliers-parentalite-et-education-en-janvier-et-fevrier","status":"publish","type":"post","link":"https:\/\/renouee.millevaches.net\/WP\/agenda\/ateliers-parentalite-et-education-en-janvier-et-fevrier\/","title":{"rendered":"Ateliers parentalit\u00e9 et \u00e9ducation en janvier et f\u00e9vrier"},"content":{"rendered":"\n<p>\u00c9milie propose une s\u00e9rie d&rsquo;ateliers pour les adultes et les adolescents et adultes, pour les parents en \u00e9cole \u00e0 la maison, pour les personnes en r\u00e9orientation, pour celles et ceux qui s&rsquo;occupent d&rsquo;enfants, pour les jeunes \u00e0 partir de 11 ans pendant les mois de janviers et f\u00e9vrier.<\/p>\n\n\n\n<p>Voici une petite pr\u00e9sentation:<\/p>\n\n\n\n<p>Je suis Emilie Roudier, nous avons pu nous croiser quand j\u2019\u00e9tais une instit du 3\u00e8me type bien motiv\u00e9e.\u00a0J\u2019accompagne \u00e0 pr\u00e9sent autour de l\u2019\u00e9ducation, la parentalit\u00e9 et le bien-\u00eatre,\u00a0notamment sous forme d&rsquo;ateliers et de journ\u00e9es pour ados et adultes.<\/p>\n\n\n\n<p><br><strong>Je vous propose 4 RDV d\u00e9but janvier \u00e0 la Renou\u00e9e :<\/strong><\/p>\n\n\n\n<p>Deux journ\u00e9es pour se ressourcer,\u00a0pour gagner en confiance et s\u00e9r\u00e9nit\u00e9, pour d\u00e9couvrir ou approfondir des pratiques pour accompagner les enfants avec justesse, clart\u00e9 et douceur. Bienveillance, \u00e9coute, partages et bonne humeur.<\/p>\n\n\n\n<p><strong>&#8211; journ\u00e9e du 15 janvier de 10h \u00e0 17h :\u00e9l\u00e8ve-toi avec les enfants! <\/strong><\/p>\n\n\n\n<p>Pour tous, famille et professionnels, pour les adultes qui souhaitent faire de leur mieux aupr\u00e8s des enfants, en milieu familial ou professionnel\u00a0: parents, futurs parents,\u00a0grands-parents, \u00e9ducateurs, animateurs, nounous\u2026Si vous vous occupez d\u2019enfants ou vous pr\u00e9parez \u00e0 le faire, et si vous aspirez \u00e0 \u00e9voluer dans vos pratiques et vos compr\u00e9hensions afin que les enfants grandissent en confiance et expriment leur singularit\u00e9 et leurs potentiels, voici une journ\u00e9e (sans enfants) pour vous !<\/p>\n\n\n\n<p><br><strong>&#8211; journ\u00e9e du 6 f\u00e9vrier de 10h \u00e0 17h sp\u00e9cial \u00e9cole \u00e0 la maison<\/strong><\/p>\n\n\n\n<p><strong>\u00a0<\/strong>Si vous pratiquez l\u2019instruction famille (ou le pr\u00e9parer), bienvenue pour cette journ\u00e9e (sans enfants) pour vous ressourcer, prendre du recul sur votre quotidien avec les enfants, me poser vos questions, partager des trucs et astuces sur les apprentissages.<em>(Depuis que je ne suis plus instit, je pratique l\u2019\u00e9cole \u00e0 la maison.)<\/em><\/p>\n\n\n\n<p><\/p>\n\n\n\n<p><strong>Deux ateliers pour ados et adultes\u00a0<\/strong><\/p>\n\n\n\n<p><br>&#8211;<strong> samedi 22 janvier \u00e0 17h d\u00e8s 14 ans :\u00a0r\u00e9(orientation avec le test<a href=\"https:\/\/www.institutdelavocation.fr\/lanalyse-cgp\/\"> CGP<\/a>)<\/strong><\/p>\n\n\n\n<p>Si vous souhaitez un coup de pouce pour \u00e9clairer votre orientation scolaire ou professionnelle, votre r\u00e9orientation ou voter \u00e9volution professionnelle, je vous invite \u00e0 d\u00e9couvrir votre personnalit\u00e9 professionnelle&nbsp;avec l&rsquo;analyse CGP: Centre de Gravit\u00e9 Professionnel <em>(Je me suis form\u00e9e \u00e0 l\u2019Institut de la vocation \u00e0 Lyon). <\/em>Cette approche originale apporte diverses r\u00e9ponses sur nos diff\u00e9rents besoins en situation de apprentissage ou de \u00ab&nbsp;travail&nbsp;\u00bb, sur nos t\u00e2ches, fonctions, responsabilit\u00e9s \u00e0 d\u00e9velopper ou assumer et d\u2019autres donn\u00e9es plus personnelles.<\/p>\n\n\n\n<p>Courte \u00ab\u00a0causerie\u00a0\u00bb sur l&rsquo;orientation des jeunes et la r\u00e9orientation des adultes,&nbsp;passation individuel du test CGP, analyse collective du test,<\/p>\n\n\n\n<p>remise du r\u00e9sultat individuel \u00e0 chacun sur clef usb ou par mail<\/p>\n\n\n\n<p><br><strong>&#8211; samedi 17 f\u00e9vrier \u00e0 17h d\u00e8s 11 ans : remise \u00e0 niveau en orthographe<\/strong><\/p>\n\n\n\n<p>Trop d\u2019erreurs dans vos \u00e9crits ? ou manque d\u2019outils clairs pour aider les jeunes avec leur orthographe ?<\/p>\n\n\n\n<p>Je vous invite \u00e0 vous remettre \u00e0 niveau en orthographe !\u00a0Je vous partage des astuces tr\u00e8s efficaces, en m\u00ealant s\u00e9rieux et convivialit\u00e9 !<\/p>\n\n\n\n<figure class=\"wp-block-image size-large\"><img decoding=\"async\" width=\"724\" height=\"1024\" src=\"https:\/\/www.renouee.millevaches.net\/WP\/wp-content\/uploads\/2021\/11\/Ele\u0300ve-toi-avec-les-enfants-5-724x1024.jpg\" alt=\"\" class=\"wp-image-4837\" srcset=\"https:\/\/renouee.millevaches.net\/WP\/wp-content\/uploads\/2021\/11\/Ele\u0300ve-toi-avec-les-enfants-5-724x1024.jpg 724w, https:\/\/renouee.millevaches.net\/WP\/wp-content\/uploads\/2021\/11\/Ele\u0300ve-toi-avec-les-enfants-5-212x300.jpg 212w, https:\/\/renouee.millevaches.net\/WP\/wp-content\/uploads\/2021\/11\/Ele\u0300ve-toi-avec-les-enfants-5-768x1086.jpg 768w, https:\/\/renouee.millevaches.net\/WP\/wp-content\/uploads\/2021\/11\/Ele\u0300ve-toi-avec-les-enfants-5-1086x1536.jpg 1086w, https:\/\/renouee.millevaches.net\/WP\/wp-content\/uploads\/2021\/11\/Ele\u0300ve-toi-avec-les-enfants-5-1448x2048.jpg 1448w, https:\/\/renouee.millevaches.net\/WP\/wp-content\/uploads\/2021\/11\/Ele\u0300ve-toi-avec-les-enfants-5-1320x1867.jpg 1320w, https:\/\/renouee.millevaches.net\/WP\/wp-content\/uploads\/2021\/11\/Ele\u0300ve-toi-avec-les-enfants-5.jpg 1357w\" sizes=\"(max-width: 724px) 100vw, 724px\" \/><\/figure>\n\n\n\n<figure class=\"wp-block-image size-large\"><img decoding=\"async\" width=\"724\" height=\"1024\" src=\"https:\/\/www.renouee.millevaches.net\/WP\/wp-content\/uploads\/2021\/11\/Ele\u0300ve-toi-avec-les-enfants-3-724x1024.jpg\" alt=\"\" class=\"wp-image-4838\" srcset=\"https:\/\/renouee.millevaches.net\/WP\/wp-content\/uploads\/2021\/11\/Ele\u0300ve-toi-avec-les-enfants-3-724x1024.jpg 724w, https:\/\/renouee.millevaches.net\/WP\/wp-content\/uploads\/2021\/11\/Ele\u0300ve-toi-avec-les-enfants-3-212x300.jpg 212w, https:\/\/renouee.millevaches.net\/WP\/wp-content\/uploads\/2021\/11\/Ele\u0300ve-toi-avec-les-enfants-3-768x1086.jpg 768w, https:\/\/renouee.millevaches.net\/WP\/wp-content\/uploads\/2021\/11\/Ele\u0300ve-toi-avec-les-enfants-3-1086x1536.jpg 1086w, https:\/\/renouee.millevaches.net\/WP\/wp-content\/uploads\/2021\/11\/Ele\u0300ve-toi-avec-les-enfants-3-1448x2048.jpg 1448w, https:\/\/renouee.millevaches.net\/WP\/wp-content\/uploads\/2021\/11\/Ele\u0300ve-toi-avec-les-enfants-3-1320x1867.jpg 1320w, https:\/\/renouee.millevaches.net\/WP\/wp-content\/uploads\/2021\/11\/Ele\u0300ve-toi-avec-les-enfants-3.jpg 1357w\" sizes=\"(max-width: 724px) 100vw, 724px\" \/><\/figure>\n\n\n\n<figure class=\"wp-block-image size-large\"><img decoding=\"async\" width=\"724\" height=\"1024\" src=\"https:\/\/www.renouee.millevaches.net\/WP\/wp-content\/uploads\/2021\/11\/Ele\u0300ve-toi-avec-les-enfants-2-724x1024.jpg\" alt=\"\" class=\"wp-image-4841\" srcset=\"https:\/\/renouee.millevaches.net\/WP\/wp-content\/uploads\/2021\/11\/Ele\u0300ve-toi-avec-les-enfants-2-724x1024.jpg 724w, https:\/\/renouee.millevaches.net\/WP\/wp-content\/uploads\/2021\/11\/Ele\u0300ve-toi-avec-les-enfants-2-212x300.jpg 212w, https:\/\/renouee.millevaches.net\/WP\/wp-content\/uploads\/2021\/11\/Ele\u0300ve-toi-avec-les-enfants-2-768x1086.jpg 768w, https:\/\/renouee.millevaches.net\/WP\/wp-content\/uploads\/2021\/11\/Ele\u0300ve-toi-avec-les-enfants-2-1086x1536.jpg 1086w, https:\/\/renouee.millevaches.net\/WP\/wp-content\/uploads\/2021\/11\/Ele\u0300ve-toi-avec-les-enfants-2-1448x2048.jpg 1448w, https:\/\/renouee.millevaches.net\/WP\/wp-content\/uploads\/2021\/11\/Ele\u0300ve-toi-avec-les-enfants-2-1320x1867.jpg 1320w, https:\/\/renouee.millevaches.net\/WP\/wp-content\/uploads\/2021\/11\/Ele\u0300ve-toi-avec-les-enfants-2.jpg 1357w\" sizes=\"(max-width: 724px) 100vw, 724px\" \/><\/figure>\n\n\n\n<figure class=\"wp-block-image size-large\"><img decoding=\"async\" width=\"724\" height=\"1024\" src=\"https:\/\/www.renouee.millevaches.net\/WP\/wp-content\/uploads\/2021\/11\/Ele\u0300ve-toi-avec-les-enfants-4-1-724x1024.jpg\" alt=\"\" class=\"wp-image-4842\" srcset=\"https:\/\/renouee.millevaches.net\/WP\/wp-content\/uploads\/2021\/11\/Ele\u0300ve-toi-avec-les-enfants-4-1-724x1024.jpg 724w, https:\/\/renouee.millevaches.net\/WP\/wp-content\/uploads\/2021\/11\/Ele\u0300ve-toi-avec-les-enfants-4-1-212x300.jpg 212w, https:\/\/renouee.millevaches.net\/WP\/wp-content\/uploads\/2021\/11\/Ele\u0300ve-toi-avec-les-enfants-4-1-768x1086.jpg 768w, https:\/\/renouee.millevaches.net\/WP\/wp-content\/uploads\/2021\/11\/Ele\u0300ve-toi-avec-les-enfants-4-1-1086x1536.jpg 1086w, https:\/\/renouee.millevaches.net\/WP\/wp-content\/uploads\/2021\/11\/Ele\u0300ve-toi-avec-les-enfants-4-1-1448x2048.jpg 1448w, https:\/\/renouee.millevaches.net\/WP\/wp-content\/uploads\/2021\/11\/Ele\u0300ve-toi-avec-les-enfants-4-1-1320x1867.jpg 1320w, https:\/\/renouee.millevaches.net\/WP\/wp-content\/uploads\/2021\/11\/Ele\u0300ve-toi-avec-les-enfants-4-1.jpg 1357w\" sizes=\"(max-width: 724px) 100vw, 724px\" \/><\/figure>\n","protected":false},"excerpt":{"rendered":"<p>\u00c9milie propose une s\u00e9rie d&rsquo;ateliers pour les adultes et les adolescents et adultes, pour les parents en \u00e9cole \u00e0 la maison, pour les personnes en r\u00e9orientation, pour celles et ceux qui s&rsquo;occupent d&rsquo;enfants, pour les jeunes \u00e0 partir de 11 ans pendant les mois de janviers et f\u00e9vrier. Voici une petite pr\u00e9sentation: Je suis Emilie [&hellip;]<\/p>\n","protected":false},"author":2,"featured_media":4836,"comment_status":"closed","ping_status":"closed","sticky":false,"template":"","format":"standard","meta":{"footnotes":"","jetpack_publicize_message":"","jetpack_publicize_feature_enabled":true,"jetpack_social_post_already_shared":true,"jetpack_social_options":{"image_generator_settings":{"template":"highway","default_image_id":0,"font":"","enabled":false},"version":2}},"categories":[69],"tags":[],"class_list":["post-4835","post","type-post","status-publish","format-standard","has-post-thumbnail","hentry","category-agenda"],"jetpack_publicize_connections":[],"_links":{"self":[{"href":"https:\/\/renouee.millevaches.net\/WP\/wp-json\/wp\/v2\/posts\/4835","targetHints":{"allow":["GET"]}}],"collection":[{"href":"https:\/\/renouee.millevaches.net\/WP\/wp-json\/wp\/v2\/posts"}],"about":[{"href":"https:\/\/renouee.millevaches.net\/WP\/wp-json\/wp\/v2\/types\/post"}],"author":[{"embeddable":true,"href":"https:\/\/renouee.millevaches.net\/WP\/wp-json\/wp\/v2\/users\/2"}],"replies":[{"embeddable":true,"href":"https:\/\/renouee.millevaches.net\/WP\/wp-json\/wp\/v2\/comments?post=4835"}],"version-history":[{"count":0,"href":"https:\/\/renouee.millevaches.net\/WP\/wp-json\/wp\/v2\/posts\/4835\/revisions"}],"wp:featuredmedia":[{"embeddable":true,"href":"https:\/\/renouee.millevaches.net\/WP\/wp-json\/wp\/v2\/media\/4836"}],"wp:attachment":[{"href":"https:\/\/renouee.millevaches.net\/WP\/wp-json\/wp\/v2\/media?parent=4835"}],"wp:term":[{"taxonomy":"category","embeddable":true,"href":"https:\/\/renouee.millevaches.net\/WP\/wp-json\/wp\/v2\/categories?post=4835"},{"taxonomy":"post_tag","embeddable":true,"href":"https:\/\/renouee.millevaches.net\/WP\/wp-json\/wp\/v2\/tags?post=4835"}],"curies":[{"name":"wp","href":"https:\/\/api.w.org\/{rel}","templated":true}]}}