{"id":482,"date":"2016-12-21T17:51:32","date_gmt":"2016-12-21T17:51:32","guid":{"rendered":"http:\/\/renouee.millevaches.net\/?p=482"},"modified":"2017-05-30T14:21:45","modified_gmt":"2017-05-30T14:21:45","slug":"ca-parle-tiers-lieux-et-la-renouee-dans-la-montagne","status":"publish","type":"post","link":"https:\/\/renouee.millevaches.net\/WP\/agenda\/ca-parle-tiers-lieux-et-la-renouee-dans-la-montagne\/","title":{"rendered":"\u00c7a parle Tiers Lieux et La Renou\u00e9e dans la Montagne"},"content":{"rendered":"<p>\u00c0 l&rsquo;occasion d&rsquo;une formation financ\u00e9e par la r\u00e9gion Nouvelle Aquitaine et le GALE SOCLE et co-anim\u00e9e par 2 membres de la coop\u00e9rative des Tiers-Lieux, 2 adh\u00e9rent.e.s de La Renou\u00e9e sont all\u00e9es \u00e0 Bourganeuf pour \u00e9couter et partager leurs exp\u00e9riences. <em>Le texte qui suit est un retour des participants de la journ\u00e9e.<\/em><\/p>\n<h3 class=\"western\">Point vocabulaire<\/h3>\n<p class=\"western\">Les Tiers-lieux et leurs mondes ont cr\u00e9\u00e9 un vocabulaire, le tableau ci dessous permettra de s\u2019y rep\u00e9rer sereinement, n\u2019h\u00e9sitez pas \u00e0 souligner des mots n\u2019ayant pas \u00e9t\u00e9 traduit vers le fran\u00e7ais dans ce texte.<\/p>\n<table width=\"100%\" cellspacing=\"0\" cellpadding=\"4\">\n<colgroup>\n<col width=\"85*\" \/>\n<col width=\"103*\" \/>\n<col width=\"67*\" \/> <\/colgroup>\n<tbody>\n<tr valign=\"top\">\n<td width=\"33%\">\n<p class=\"western\" align=\"justify\"><b>Vocabulaire Tiers-Lieux<\/b><\/p>\n<\/td>\n<td width=\"40%\">\n<p class=\"western\" align=\"justify\"><b>Qu\u2019est ce qu\u2019il en est <\/b><\/p>\n<\/td>\n<td width=\"26%\">\n<p class=\"western\" align=\"justify\"><b>Exemples<\/b><\/p>\n<\/td>\n<\/tr>\n<tr valign=\"top\">\n<td width=\"33%\">\n<p class=\"western\" align=\"justify\">Tiers-lieux<\/p>\n<\/td>\n<td width=\"40%\">\n<p class=\"western\" align=\"justify\">Lieu \u00ab\u00a0hybride\u00a0\u00bb o\u00f9 cohabitent plusieurs initiatives et activit\u00e9s sans distinction de la vis\u00e9e (\u00e9conomique ou sociale). Le but de ce texte est de prendre le temps de creuser cette id\u00e9e.<\/p>\n<\/td>\n<td width=\"26%\">\n<p class=\"western\" align=\"justify\">La quincaillerie \u00e0 Gu\u00e9ret<\/p>\n<\/td>\n<\/tr>\n<tr valign=\"top\">\n<td width=\"33%\">\n<p class=\"western\" align=\"justify\">Un coworking<\/p>\n<\/td>\n<td width=\"40%\">\n<p class=\"western\" align=\"justify\">Espace de travail partag\u00e9, souvent sur des m\u00e9tiers ayant besoin de bureaux o\u00f9 l\u2019id\u00e9e est de b\u00e9n\u00e9ficier des comp\u00e9tences vari\u00e9es pour s\u2019entraider et coop\u00e9rer.<\/p>\n<\/td>\n<td width=\"26%\">\n<p class=\"western\" align=\"justify\">Travailler \u00e0 Faux-la-Montagne o\u00f9 des graphistes, partagent les bureaux avec des r\u00e9alisateurs, membres de centres sociaux, etc.<\/p>\n<\/td>\n<\/tr>\n<tr valign=\"top\">\n<td width=\"33%\">\n<p class=\"western\" align=\"justify\">Fablab<\/p>\n<\/td>\n<td width=\"40%\">\n<p class=\"western\" align=\"justify\">Endroit o\u00f9 sont mis \u00e0 disposition des machines pour travailler le plastique, le m\u00e9tal, etc.<\/p>\n<\/td>\n<td width=\"26%\">\n<p class=\"western\" align=\"justify\">Le Lab\u2019Rousse \u00e0 Croze<\/p>\n<\/td>\n<\/tr>\n<tr valign=\"top\">\n<td width=\"33%\">\n<p class=\"western\" align=\"justify\">Concierge, coordinateur, facilitateur<\/p>\n<\/td>\n<td width=\"40%\">\n<p class=\"western\" align=\"justify\">Personne qui fait en sorte que les gens du lieu soient accueillis et se sentent bien dans l\u2019usage qu\u2019elles peuvent avoir du lieu<\/p>\n<\/td>\n<td width=\"26%\">\u00c9ric Durand &amp; Baptiste Ridoux \u00e0 La Quincaillerie<\/td>\n<\/tr>\n<\/tbody>\n<\/table>\n<figure id=\"attachment_488\" aria-describedby=\"caption-attachment-488\" style=\"width: 1122px\" class=\"wp-caption alignnone\"><img decoding=\"async\" class=\"wp-image-488 size-full\" src=\"http:\/\/renouee.millevaches.net\/wp-content\/uploads\/2016\/12\/mock.jpg\" alt=\"mock\" width=\"1122\" height=\"631\" \/><figcaption id=\"caption-attachment-488\" class=\"wp-caption-text\">Tableau de propositions pour les tiers-lieux r\u00e9cup\u00e9r\u00e9 pendant la formation accompagn\u00e9 du cahier de liaison de La Renou\u00e9e<\/figcaption><\/figure>\n<h2><strong>Les tiers lieux pour personnes enti\u00e8res<\/strong><\/h2>\n<p>Malgr\u00e9 le vocabulaire r\u00e9solument moderne, cette journ\u00e9e a permis aux membres du projet de voir les points communs entre notre exp\u00e9rience \u00e0 La Renou\u00e9e et de nombreuses initiatives urbaines et rurales. Chacun essaie de sortir de ses sentiers battus et d&rsquo; exp\u00e9rimenter des formes originales d&rsquo;organisations, en tentant de faire cohabiter des choses qui \u00e0 priori n&rsquo;ont pas de liens. Ne pas avoir peur de rater une initiative mais tout faire pour qu&rsquo;elle puisse exister.<\/p>\n<p class=\"western\" align=\"right\"><em>&lsquo;Dans les Tiers Lieux, se dire qu&rsquo;on peut faire feu de tout bois.&rsquo;<\/em><\/p>\n<p class=\"western\" align=\"right\"><em>membre de la coop\u00e9rative Tiers-Lieux<\/em><\/p>\n<p class=\"western\" align=\"left\">\u00c7a rappelle quelques vielles phrases d&rsquo;\u00e9lus du plateau tout \u00e7a\u00a0:<\/p>\n<p class=\"western\" align=\"right\">\u2018<i>On accueille tout le monde, m\u00eame les chevelus\u2019<\/i><\/p>\n<p class=\"western\" align=\"right\">\u2018<i>Ici les trottoirs sont pourris mais y&rsquo;a des gens qui marchent dessus\u2019<\/i><\/p>\n<p class=\"western\" style=\"text-align: left;\" align=\"right\">Au del\u00e0 des effets d&rsquo;annonce, Marie Laure &amp; Lucile ont pris le temps de partager leurs exp\u00e9riences d&rsquo;animation de ces endroits au travers de conseils et points de vigilance notamment autour du r\u00f4le de facilitateur \/ concierge, du groupe de personnes pr\u00e9sentes dans l&rsquo;aventure, de leurs r\u00f4les et des relations avec les collectivit\u00e9s.<\/p>\n<figure id=\"attachment_500\" aria-describedby=\"caption-attachment-500\" style=\"width: 611px\" class=\"wp-caption aligncenter\"><a href=\"http:\/\/fr.slideshare.net\/Lucile33\/infographie-comment-crer-un-tierslieu\"><img decoding=\"async\" class=\"wp-image-500 size-full\" src=\"http:\/\/renouee.millevaches.net\/wp-content\/uploads\/2016\/12\/affiche.png\" width=\"611\" height=\"604\" \/><\/a><figcaption id=\"caption-attachment-500\" class=\"wp-caption-text\">Sch\u00e9ma reprenant diff\u00e9rentes questions et points d&rsquo;attention pour la cr\u00e9ation de tiers-lieux<\/figcaption><\/figure>\n<h2>Rencontre entre la culture des centres sociaux et les travailleurs ind\u00e9pendants.<\/h2>\n<p>Le constat est que de plus en plus de personnes font le choix d&rsquo;un statut d&rsquo;ind\u00e9pendant. Le pari est simple, proposer un espace de travail confortable sans contrainte de statut afin de provoquer la rencontre. Il s&rsquo;agit cependant de prendre soin que la rencontre se d\u00e9roule dans de bonnes conditions, d&rsquo;o\u00f9 l&rsquo;id\u00e9e de conciergerie.<\/p>\n<p>La <a href=\"https:\/\/www.facebook.com\/LaPalette23\/\">Palette<\/a> (port\u00e9 par le centre d&rsquo;animation du Pays Dunois en Creuse) porte aussi une initiative autour d&rsquo;un espace de travail partag\u00e9 et incarne cette curiosit\u00e9 du monde des centres sociaux envers les ind\u00e9pendants et les int\u00e9ractions possibles.<\/p>\n<p><a href=\"http:\/\/renouee.millevaches.net\/wp-content\/uploads\/2016\/12\/palette.png\"><img decoding=\"async\" class=\"wp-image-501 size-full\" src=\"http:\/\/renouee.millevaches.net\/wp-content\/uploads\/2016\/12\/palette.png\" width=\"888\" height=\"328\" \/><\/a><\/p>\n<h2>Ils poussent comme des champignons<\/h2>\n<p>La carte ci-dessous, con\u00e7ue par la coop\u00e9rative des Tiers Lieux montre que ces lieux se d\u00e9veloppent sur l&rsquo;ensemble de la nouvelle Aquitaine\u00a0 (Il est bon de noter que ce recensement ne concerne que le territoire de la nouvelle r\u00e9gion).<\/p>\n<p>Trois grands types existent:<\/p>\n<ul>\n<li>Les ateliers partag\u00e9s<\/li>\n<li>Les Fablab<\/li>\n<li>les espaces de travail partag\u00e9s.<\/li>\n<\/ul>\n<p>Apr\u00e8s, il existe \u00e9videment des endroits o\u00f9 tout cela se m\u00e9lange.<\/p>\n<figure id=\"attachment_484\" aria-describedby=\"caption-attachment-484\" style=\"width: 606px\" class=\"wp-caption aligncenter\"><a href=\"https:\/\/umap.openstreetmap.fr\/fr\/map\/les-tiers-lieux-en-nouvelle-aquitaine_93940#7\/45.155\/1.835\"><img decoding=\"async\" class=\"wp-image-484 size-full\" src=\"http:\/\/renouee.millevaches.net\/wp-content\/uploads\/2016\/12\/carto.png\" alt=\"carto\" width=\"606\" height=\"556\" \/><\/a><figcaption id=\"caption-attachment-484\" class=\"wp-caption-text\">Cliquez sur la carte pour avoir un meilleur aper\u00e7u.<\/figcaption><\/figure>\n<h2>Id\u00e9e \u00e0 la mode ou lame de fond ?<\/h2>\n<p>Ce genre de concepts de lieux ont le vent en poupe aujourd&rsquo;hui, cela semble \u00e9vident. En reprenant la gen\u00e8se de l&rsquo;aventure de La Renou\u00e9e, nous voyons que l&rsquo;histoire a pris son temps, en effet, les premiers d\u00e9sirs se formulaient d\u00e8s 2008 pour disposer d&rsquo;un lieu commun. \u00c0 ce titre, l&rsquo;exp\u00e9rience de ce lieu est celle d&rsquo;une aventure dans la dur\u00e9e o\u00f9 bien que les choses se soient acc\u00e9l\u00e9r\u00e9es dans les deux derni\u00e8res ann\u00e9es, le temps de mise en confiance des diff\u00e9rentes personnes a \u00e9t\u00e9 cons\u00e9quent. Il semble qu&rsquo;il soit possible de trouver des \u00e9quilibres qui tiennent dans le temps, en t\u00e9moigne l&rsquo;Atelier qui a travers\u00e9 sa dixi\u00e8me ann\u00e9e l&rsquo;an pass\u00e9.<\/p>\n<p>&nbsp;<\/p>\n<figure id=\"attachment_502\" aria-describedby=\"caption-attachment-502\" style=\"width: 640px\" class=\"wp-caption aligncenter\"><a href=\"http:\/\/renouee.millevaches.net\/wp-content\/uploads\/2016\/12\/C0Dr5zoWEAExZt4.jpg\"><img decoding=\"async\" class=\"wp-image-502 size-large\" src=\"http:\/\/renouee.millevaches.net\/wp-content\/uploads\/2016\/12\/C0Dr5zoWEAExZt4-1024x512.jpg\" width=\"640\" height=\"320\" \/><\/a><figcaption id=\"caption-attachment-502\" class=\"wp-caption-text\">Publication de l&rsquo;objectif de la R\u00e9gion Nouvelle Aquitaine autour des Tiers-Lieux<\/figcaption><\/figure>\n<p><span style=\"text-decoration: underline;\">Pour aller plus loin (avec des ressources locales):<\/span><\/p>\n<p><a href=\"https:\/\/www.francebleu.fr\/infos\/societe\/l-engouement-des-tiers-lieux-en-creuse-1478632315\"><strong>Reportage de France Bleu<\/strong> <\/a><\/p>\n<p><a href=\"http:\/\/radiovassiviere.com\/2016\/11\/les-tiers-lieux-nouvel-atout-des-territoires-ruraux\/\">\u00c9mission de Radio Vassivi\u00e8re<\/a><\/p>\n<p>Articles du blog n\u00e9ocampagne sur la question:<\/p>\n<p>https:\/\/neocampagne.fr\/2016\/12\/06\/les-politiques-daccueil-en-milieu-rural-sont-elles-solubles-dans-les-tiers-lieux\/<\/p>\n<p>https:\/\/neocampagne.fr\/2016\/10\/17\/lopen-source-a-la-conquete-du-monde\/<\/p>\n<p>&nbsp;<\/p>\n","protected":false},"excerpt":{"rendered":"<p>\u00c0 l&rsquo;occasion d&rsquo;une formation financ\u00e9e par la r\u00e9gion Nouvelle Aquitaine et le GALE SOCLE et co-anim\u00e9e par 2 membres de la coop\u00e9rative des Tiers-Lieux, 2 adh\u00e9rent.e.s de La Renou\u00e9e sont all\u00e9es \u00e0 Bourganeuf pour \u00e9couter et partager leurs exp\u00e9riences. Le texte qui suit est un retour des participants de la journ\u00e9e. Point vocabulaire Les Tiers-lieux [&hellip;]<\/p>\n","protected":false},"author":2,"featured_media":486,"comment_status":"closed","ping_status":"closed","sticky":false,"template":"","format":"standard","meta":{"footnotes":"","jetpack_publicize_message":"","jetpack_publicize_feature_enabled":true,"jetpack_social_post_already_shared":true,"jetpack_social_options":{"image_generator_settings":{"template":"highway","default_image_id":0,"font":"","enabled":false},"version":2}},"categories":[69],"tags":[],"class_list":["post-482","post","type-post","status-publish","format-standard","has-post-thumbnail","hentry","category-agenda"],"jetpack_publicize_connections":[],"_links":{"self":[{"href":"https:\/\/renouee.millevaches.net\/WP\/wp-json\/wp\/v2\/posts\/482","targetHints":{"allow":["GET"]}}],"collection":[{"href":"https:\/\/renouee.millevaches.net\/WP\/wp-json\/wp\/v2\/posts"}],"about":[{"href":"https:\/\/renouee.millevaches.net\/WP\/wp-json\/wp\/v2\/types\/post"}],"author":[{"embeddable":true,"href":"https:\/\/renouee.millevaches.net\/WP\/wp-json\/wp\/v2\/users\/2"}],"replies":[{"embeddable":true,"href":"https:\/\/renouee.millevaches.net\/WP\/wp-json\/wp\/v2\/comments?post=482"}],"version-history":[{"count":0,"href":"https:\/\/renouee.millevaches.net\/WP\/wp-json\/wp\/v2\/posts\/482\/revisions"}],"wp:featuredmedia":[{"embeddable":true,"href":"https:\/\/renouee.millevaches.net\/WP\/wp-json\/"}],"wp:attachment":[{"href":"https:\/\/renouee.millevaches.net\/WP\/wp-json\/wp\/v2\/media?parent=482"}],"wp:term":[{"taxonomy":"category","embeddable":true,"href":"https:\/\/renouee.millevaches.net\/WP\/wp-json\/wp\/v2\/categories?post=482"},{"taxonomy":"post_tag","embeddable":true,"href":"https:\/\/renouee.millevaches.net\/WP\/wp-json\/wp\/v2\/tags?post=482"}],"curies":[{"name":"wp","href":"https:\/\/api.w.org\/{rel}","templated":true}]}}