{"id":4760,"date":"2021-10-27T08:57:42","date_gmt":"2021-10-27T08:57:42","guid":{"rendered":"https:\/\/www.renouee.millevaches.net\/?p=4760"},"modified":"2021-11-10T17:54:05","modified_gmt":"2021-11-10T17:54:05","slug":"dimanche-21-novembre-a-15h-rencontre-cafe-des-parents-atypie","status":"publish","type":"post","link":"https:\/\/renouee.millevaches.net\/WP\/agenda\/dimanche-21-novembre-a-15h-rencontre-cafe-des-parents-atypie\/","title":{"rendered":"Dimanche 21 novembre \u00e0 15h: rencontre caf\u00e9 des parents \u00ab\u00a0Atypie\u00a0\u00bb"},"content":{"rendered":"\n<p><strong>Ce caf\u00e9_atypie est un caf\u00e9 rencontre pour les parents d\u2019enfants\/ados pour qui la question de la diff\u00e9rence, de l&rsquo;autisme, du TSA (trouble du spectre autistique), Asperger, etc. concerne, que ce soit des personnes en questionnement, en  attente de diagnostic ou diagnostiqu\u00e9 comme tel<\/strong>.<\/p>\n\n\n\n<p>L&rsquo;id\u00e9e est de se r\u00e9unir autour d&rsquo;un caf\u00e9 pour venir partager autour de ces questions et peut-\u00eatre autour de la question de la perception de la diff\u00e9rence dans notre soci\u00e9t\u00e9 actuelle, du rapport \u00e0 la normalit\u00e9, d&rsquo;\u00e9changer ses ressentis, son histoire, ses questionnements, ses exp\u00e9riences avec les institutions, des pistes d&rsquo;aides possibles, de nos avanc\u00e9es dans le labyrinthe administratif..<\/p>\n\n\n\n<p><strong>Rendez-vous \u00e0 La Renou\u00e9e \u00e0 15h dans le club enfant <\/strong>afin de pouvoir discuter en toute tranquillit\u00e9. Possibilit\u00e9 d&rsquo;amener de quoi grignoter pour accompagner les caf\u00e9\/th\u00e9s\/tisanes. <\/p>\n\n\n\n<p><strong>Nombre de places limit\u00e9es. Merci de pr\u00e9venir votre venue au 06 56 67 95 61 ou \u00e0 cette adresse: <\/strong><a href=\"coordination.labascule@millevaches.net\">coordination.labascule@millevaches.net<\/a><\/p>\n\n\n\n<p>En attendant, ci dessous la pr\u00e9face de la BD \u00ab\u00a0La diff\u00e9rence invisible\u00a0\u00bb deFabienne Vaslet et Julie Daschez:<\/p>\n\n\n\n<div class=\"wp-block-image\"><figure class=\"aligncenter is-resized\"><img decoding=\"async\" src=\"https:\/\/www.renouee.millevaches.net\/WP\/wp-content\/uploads\/2021\/10\/index-1-779x1024.jpeg\" alt=\"\" class=\"wp-image-4771\" width=\"740\" height=\"973\" srcset=\"https:\/\/renouee.millevaches.net\/WP\/wp-content\/uploads\/2021\/10\/index-1-779x1024.jpeg 779w, https:\/\/renouee.millevaches.net\/WP\/wp-content\/uploads\/2021\/10\/index-1-228x300.jpeg 228w, https:\/\/renouee.millevaches.net\/WP\/wp-content\/uploads\/2021\/10\/index-1-768x1010.jpeg 768w, https:\/\/renouee.millevaches.net\/WP\/wp-content\/uploads\/2021\/10\/index-1-1168x1536.jpeg 1168w, https:\/\/renouee.millevaches.net\/WP\/wp-content\/uploads\/2021\/10\/index-1-1557x2048.jpeg 1557w, https:\/\/renouee.millevaches.net\/WP\/wp-content\/uploads\/2021\/10\/index-1-1320x1736.jpeg 1320w, https:\/\/renouee.millevaches.net\/WP\/wp-content\/uploads\/2021\/10\/index-1.jpeg 1460w\" sizes=\"(max-width: 740px) 100vw, 740px\" \/><\/figure><\/div>\n\n\n\n<p> <\/p>\n","protected":false},"excerpt":{"rendered":"<p>Ce caf\u00e9_atypie est un caf\u00e9 rencontre pour les parents d\u2019enfants\/ados pour qui la question de la diff\u00e9rence, de l&rsquo;autisme, du TSA (trouble du spectre autistique), Asperger, etc. concerne, que ce soit des personnes en questionnement, en attente de diagnostic ou diagnostiqu\u00e9 comme tel. L&rsquo;id\u00e9e est de se r\u00e9unir autour d&rsquo;un caf\u00e9 pour venir partager autour [&hellip;]<\/p>\n","protected":false},"author":2,"featured_media":4806,"comment_status":"closed","ping_status":"closed","sticky":false,"template":"","format":"standard","meta":{"footnotes":"","jetpack_publicize_message":"","jetpack_publicize_feature_enabled":true,"jetpack_social_post_already_shared":true,"jetpack_social_options":{"image_generator_settings":{"template":"highway","default_image_id":0,"font":"","enabled":false},"version":2}},"categories":[69],"tags":[],"class_list":["post-4760","post","type-post","status-publish","format-standard","has-post-thumbnail","hentry","category-agenda"],"jetpack_publicize_connections":[],"_links":{"self":[{"href":"https:\/\/renouee.millevaches.net\/WP\/wp-json\/wp\/v2\/posts\/4760","targetHints":{"allow":["GET"]}}],"collection":[{"href":"https:\/\/renouee.millevaches.net\/WP\/wp-json\/wp\/v2\/posts"}],"about":[{"href":"https:\/\/renouee.millevaches.net\/WP\/wp-json\/wp\/v2\/types\/post"}],"author":[{"embeddable":true,"href":"https:\/\/renouee.millevaches.net\/WP\/wp-json\/wp\/v2\/users\/2"}],"replies":[{"embeddable":true,"href":"https:\/\/renouee.millevaches.net\/WP\/wp-json\/wp\/v2\/comments?post=4760"}],"version-history":[{"count":0,"href":"https:\/\/renouee.millevaches.net\/WP\/wp-json\/wp\/v2\/posts\/4760\/revisions"}],"wp:featuredmedia":[{"embeddable":true,"href":"https:\/\/renouee.millevaches.net\/WP\/wp-json\/wp\/v2\/media\/4806"}],"wp:attachment":[{"href":"https:\/\/renouee.millevaches.net\/WP\/wp-json\/wp\/v2\/media?parent=4760"}],"wp:term":[{"taxonomy":"category","embeddable":true,"href":"https:\/\/renouee.millevaches.net\/WP\/wp-json\/wp\/v2\/categories?post=4760"},{"taxonomy":"post_tag","embeddable":true,"href":"https:\/\/renouee.millevaches.net\/WP\/wp-json\/wp\/v2\/tags?post=4760"}],"curies":[{"name":"wp","href":"https:\/\/api.w.org\/{rel}","templated":true}]}}