{"id":4742,"date":"2021-10-25T09:29:10","date_gmt":"2021-10-25T09:29:10","guid":{"rendered":"https:\/\/www.renouee.millevaches.net\/?p=4742"},"modified":"2021-10-25T09:29:13","modified_gmt":"2021-10-25T09:29:13","slug":"vendredi-5-novembre-prochain-rdv-dentraide-administrative-et-juridique","status":"publish","type":"post","link":"https:\/\/renouee.millevaches.net\/WP\/agenda\/vendredi-5-novembre-prochain-rdv-dentraide-administrative-et-juridique\/","title":{"rendered":"Vendredi 5 novembre prochain RDV d&rsquo;entraide administrative et juridique"},"content":{"rendered":"\n<p><strong>Les permanences d\u2019entraide administrative et juridique reprennent tous les premiers vendredis du mois de 9h30 \u00e0 12h: 3 septembre, 1er octobre, 5 novembre, 3 d\u00e9cembre\u2026<\/strong><\/p>\n\n\n\n<p>Pour ne pas rester isol\u00e9-e-s dans certaines relations avec des administrations, employeurs, organismes publics (CAF, P\u00f4le emploi, justice, etc.) ou priv\u00e9s.<\/p>\n\n\n\n<p>Pour obtenir ses droits, trouver des ressources \u00e0 plusieurs et faire face, un groupe d\u2019habitants de la Montagne Limousine se propose de tenir r\u00e9guli\u00e8rement ces RDV.<\/p>\n\n\n\n<p>Bienvenue \u00e0 tous et toutes avec vos questions, vos situations\u2026<\/p>\n\n\n\n<p><em>Petit rappel: les permanences ont lieu \u00e0 La Renou\u00e9e chaque premier vendredi du mois.<\/em><\/p>\n\n\n\n<p>Vous pouvez aussi nous joindre par mail ou t\u00e9l\u00e9phone :<\/p>\n\n\n\n<p><a href=\"mailto:groupejuridiquedelamontagne@riseup.net\">groupejuridiquedelamontagne@riseup.net<\/a><\/p>\n\n\n\n<p>07 84 51 14 75<\/p>\n\n\n\n<div class=\"wp-block-image\"><figure class=\"aligncenter size-full\"><img decoding=\"async\" width=\"222\" height=\"227\" src=\"https:\/\/www.renouee.millevaches.net\/WP\/wp-content\/uploads\/2021\/10\/index.jpeg\" alt=\"\" class=\"wp-image-4689\"\/><\/figure><\/div>\n","protected":false},"excerpt":{"rendered":"<p>Les permanences d\u2019entraide administrative et juridique reprennent tous les premiers vendredis du mois de 9h30 \u00e0 12h: 3 septembre, 1er octobre, 5 novembre, 3 d\u00e9cembre\u2026 Pour ne pas rester isol\u00e9-e-s dans certaines relations avec des administrations, employeurs, organismes publics (CAF, P\u00f4le emploi, justice, etc.) ou priv\u00e9s. Pour obtenir ses droits, trouver des ressources \u00e0 plusieurs [&hellip;]<\/p>\n","protected":false},"author":2,"featured_media":4689,"comment_status":"closed","ping_status":"closed","sticky":false,"template":"","format":"standard","meta":{"footnotes":"","jetpack_publicize_message":"","jetpack_publicize_feature_enabled":true,"jetpack_social_post_already_shared":true,"jetpack_social_options":{"image_generator_settings":{"template":"highway","default_image_id":0,"font":"","enabled":false},"version":2}},"categories":[69],"tags":[],"class_list":["post-4742","post","type-post","status-publish","format-standard","has-post-thumbnail","hentry","category-agenda"],"jetpack_publicize_connections":[],"_links":{"self":[{"href":"https:\/\/renouee.millevaches.net\/WP\/wp-json\/wp\/v2\/posts\/4742","targetHints":{"allow":["GET"]}}],"collection":[{"href":"https:\/\/renouee.millevaches.net\/WP\/wp-json\/wp\/v2\/posts"}],"about":[{"href":"https:\/\/renouee.millevaches.net\/WP\/wp-json\/wp\/v2\/types\/post"}],"author":[{"embeddable":true,"href":"https:\/\/renouee.millevaches.net\/WP\/wp-json\/wp\/v2\/users\/2"}],"replies":[{"embeddable":true,"href":"https:\/\/renouee.millevaches.net\/WP\/wp-json\/wp\/v2\/comments?post=4742"}],"version-history":[{"count":0,"href":"https:\/\/renouee.millevaches.net\/WP\/wp-json\/wp\/v2\/posts\/4742\/revisions"}],"wp:featuredmedia":[{"embeddable":true,"href":"https:\/\/renouee.millevaches.net\/WP\/wp-json\/wp\/v2\/media\/4689"}],"wp:attachment":[{"href":"https:\/\/renouee.millevaches.net\/WP\/wp-json\/wp\/v2\/media?parent=4742"}],"wp:term":[{"taxonomy":"category","embeddable":true,"href":"https:\/\/renouee.millevaches.net\/WP\/wp-json\/wp\/v2\/categories?post=4742"},{"taxonomy":"post_tag","embeddable":true,"href":"https:\/\/renouee.millevaches.net\/WP\/wp-json\/wp\/v2\/tags?post=4742"}],"curies":[{"name":"wp","href":"https:\/\/api.w.org\/{rel}","templated":true}]}}