{"id":4483,"date":"2021-08-03T12:45:12","date_gmt":"2021-08-03T12:45:12","guid":{"rendered":"https:\/\/www.renouee.millevaches.net\/?p=4483"},"modified":"2021-08-17T17:02:51","modified_gmt":"2021-08-17T17:02:51","slug":"animations-du-marche-du-mardi-10-aout","status":"publish","type":"post","link":"https:\/\/renouee.millevaches.net\/WP\/agenda\/animations-du-marche-du-mardi-10-aout\/","title":{"rendered":"Animations du march\u00e9 du mardi 10 ao\u00fbt"},"content":{"rendered":"\n<p><strong>Ce mardi 10 ao\u00fbt, deux rendez-vous musicaux: <\/strong><\/p>\n\n\n\n<p><strong>-d\u00e8s 17h, concert du groupe Tradfuse de Felletin, avec initiation aux danses traditionnelles,<\/strong><\/p>\n\n\n\n<p><strong>-\u00e0 18h 30, Le cabaret des libert\u00e9s vient sur le march\u00e9 de Gentioux.<\/strong><\/p>\n\n\n\n<p><\/p>\n\n\n\n<p>Le cabaret des libert\u00e9s, c&rsquo;est un mini festival itin\u00e9rant en Creuse:<\/p>\n\n\n\n<figure class=\"wp-block-image size-large\"><img decoding=\"async\" width=\"724\" height=\"1024\" src=\"https:\/\/www.renouee.millevaches.net\/WP\/wp-content\/uploads\/2021\/08\/tournee-Cabaret-des-Libertes-aout-2021-page-001-724x1024.jpg\" alt=\"\" class=\"wp-image-4488\" srcset=\"https:\/\/renouee.millevaches.net\/WP\/wp-content\/uploads\/2021\/08\/tournee-Cabaret-des-Libertes-aout-2021-page-001-724x1024.jpg 724w, https:\/\/renouee.millevaches.net\/WP\/wp-content\/uploads\/2021\/08\/tournee-Cabaret-des-Libertes-aout-2021-page-001-212x300.jpg 212w, https:\/\/renouee.millevaches.net\/WP\/wp-content\/uploads\/2021\/08\/tournee-Cabaret-des-Libertes-aout-2021-page-001-768x1086.jpg 768w, https:\/\/renouee.millevaches.net\/WP\/wp-content\/uploads\/2021\/08\/tournee-Cabaret-des-Libertes-aout-2021-page-001-1086x1536.jpg 1086w, https:\/\/renouee.millevaches.net\/WP\/wp-content\/uploads\/2021\/08\/tournee-Cabaret-des-Libertes-aout-2021-page-001.jpg 1240w\" sizes=\"(max-width: 724px) 100vw, 724px\" \/><\/figure>\n\n\n\n<figure class=\"wp-block-image size-large\"><img decoding=\"async\" width=\"724\" height=\"1024\" src=\"https:\/\/www.renouee.millevaches.net\/WP\/wp-content\/uploads\/2021\/08\/tournee-Cabaret-des-Libertes-aout-2021-page-002-724x1024.jpg\" alt=\"\" class=\"wp-image-4489\" srcset=\"https:\/\/renouee.millevaches.net\/WP\/wp-content\/uploads\/2021\/08\/tournee-Cabaret-des-Libertes-aout-2021-page-002-724x1024.jpg 724w, https:\/\/renouee.millevaches.net\/WP\/wp-content\/uploads\/2021\/08\/tournee-Cabaret-des-Libertes-aout-2021-page-002-212x300.jpg 212w, https:\/\/renouee.millevaches.net\/WP\/wp-content\/uploads\/2021\/08\/tournee-Cabaret-des-Libertes-aout-2021-page-002-768x1086.jpg 768w, https:\/\/renouee.millevaches.net\/WP\/wp-content\/uploads\/2021\/08\/tournee-Cabaret-des-Libertes-aout-2021-page-002-1086x1536.jpg 1086w, https:\/\/renouee.millevaches.net\/WP\/wp-content\/uploads\/2021\/08\/tournee-Cabaret-des-Libertes-aout-2021-page-002.jpg 1240w\" sizes=\"(max-width: 724px) 100vw, 724px\" \/><\/figure>\n\n\n\n<figure class=\"wp-block-image size-large\"><img decoding=\"async\" width=\"724\" height=\"1024\" src=\"https:\/\/www.renouee.millevaches.net\/WP\/wp-content\/uploads\/2021\/08\/tournee-Cabaret-des-Libertes-aout-2021-page-003-724x1024.jpg\" alt=\"\" class=\"wp-image-4490\" srcset=\"https:\/\/renouee.millevaches.net\/WP\/wp-content\/uploads\/2021\/08\/tournee-Cabaret-des-Libertes-aout-2021-page-003-724x1024.jpg 724w, https:\/\/renouee.millevaches.net\/WP\/wp-content\/uploads\/2021\/08\/tournee-Cabaret-des-Libertes-aout-2021-page-003-212x300.jpg 212w, https:\/\/renouee.millevaches.net\/WP\/wp-content\/uploads\/2021\/08\/tournee-Cabaret-des-Libertes-aout-2021-page-003-768x1086.jpg 768w, https:\/\/renouee.millevaches.net\/WP\/wp-content\/uploads\/2021\/08\/tournee-Cabaret-des-Libertes-aout-2021-page-003-1086x1536.jpg 1086w, https:\/\/renouee.millevaches.net\/WP\/wp-content\/uploads\/2021\/08\/tournee-Cabaret-des-Libertes-aout-2021-page-003.jpg 1240w\" sizes=\"(max-width: 724px) 100vw, 724px\" \/><\/figure>\n\n\n\n<figure class=\"wp-block-image size-large\"><img decoding=\"async\" width=\"724\" height=\"1024\" src=\"https:\/\/www.renouee.millevaches.net\/WP\/wp-content\/uploads\/2021\/08\/tournee-Cabaret-des-Libertes-aout-2021-page-004-724x1024.jpg\" alt=\"\" class=\"wp-image-4491\" srcset=\"https:\/\/renouee.millevaches.net\/WP\/wp-content\/uploads\/2021\/08\/tournee-Cabaret-des-Libertes-aout-2021-page-004-724x1024.jpg 724w, https:\/\/renouee.millevaches.net\/WP\/wp-content\/uploads\/2021\/08\/tournee-Cabaret-des-Libertes-aout-2021-page-004-212x300.jpg 212w, https:\/\/renouee.millevaches.net\/WP\/wp-content\/uploads\/2021\/08\/tournee-Cabaret-des-Libertes-aout-2021-page-004-768x1086.jpg 768w, https:\/\/renouee.millevaches.net\/WP\/wp-content\/uploads\/2021\/08\/tournee-Cabaret-des-Libertes-aout-2021-page-004-1086x1536.jpg 1086w, https:\/\/renouee.millevaches.net\/WP\/wp-content\/uploads\/2021\/08\/tournee-Cabaret-des-Libertes-aout-2021-page-004.jpg 1240w\" sizes=\"(max-width: 724px) 100vw, 724px\" \/><\/figure>\n\n\n\n<figure class=\"wp-block-image size-large\"><img decoding=\"async\" width=\"724\" height=\"1024\" src=\"https:\/\/www.renouee.millevaches.net\/WP\/wp-content\/uploads\/2021\/08\/tournee-Cabaret-des-Libertes-aout-2021-page-005-724x1024.jpg\" alt=\"\" class=\"wp-image-4492\" srcset=\"https:\/\/renouee.millevaches.net\/WP\/wp-content\/uploads\/2021\/08\/tournee-Cabaret-des-Libertes-aout-2021-page-005-724x1024.jpg 724w, https:\/\/renouee.millevaches.net\/WP\/wp-content\/uploads\/2021\/08\/tournee-Cabaret-des-Libertes-aout-2021-page-005-212x300.jpg 212w, https:\/\/renouee.millevaches.net\/WP\/wp-content\/uploads\/2021\/08\/tournee-Cabaret-des-Libertes-aout-2021-page-005-768x1086.jpg 768w, https:\/\/renouee.millevaches.net\/WP\/wp-content\/uploads\/2021\/08\/tournee-Cabaret-des-Libertes-aout-2021-page-005-1086x1536.jpg 1086w, https:\/\/renouee.millevaches.net\/WP\/wp-content\/uploads\/2021\/08\/tournee-Cabaret-des-Libertes-aout-2021-page-005.jpg 1240w\" sizes=\"(max-width: 724px) 100vw, 724px\" \/><\/figure>\n\n\n\n<figure class=\"wp-block-image size-large\"><img decoding=\"async\" width=\"724\" height=\"1024\" src=\"https:\/\/www.renouee.millevaches.net\/WP\/wp-content\/uploads\/2021\/08\/marche10aout-1-724x1024.png\" alt=\"\" class=\"wp-image-4486\" srcset=\"https:\/\/renouee.millevaches.net\/WP\/wp-content\/uploads\/2021\/08\/marche10aout-1-724x1024.png 724w, https:\/\/renouee.millevaches.net\/WP\/wp-content\/uploads\/2021\/08\/marche10aout-1-212x300.png 212w, https:\/\/renouee.millevaches.net\/WP\/wp-content\/uploads\/2021\/08\/marche10aout-1-768x1086.png 768w, https:\/\/renouee.millevaches.net\/WP\/wp-content\/uploads\/2021\/08\/marche10aout-1-1086x1536.png 1086w, https:\/\/renouee.millevaches.net\/WP\/wp-content\/uploads\/2021\/08\/marche10aout-1-1449x2048.png 1449w, https:\/\/renouee.millevaches.net\/WP\/wp-content\/uploads\/2021\/08\/marche10aout-1-1320x1866.png 1320w, https:\/\/renouee.millevaches.net\/WP\/wp-content\/uploads\/2021\/08\/marche10aout-1.png 1600w\" sizes=\"(max-width: 724px) 100vw, 724px\" \/><\/figure>\n\n\n\n<p><\/p>\n","protected":false},"excerpt":{"rendered":"<p>Ce mardi 10 ao\u00fbt, deux rendez-vous musicaux: -d\u00e8s 17h, concert du groupe Tradfuse de Felletin, avec initiation aux danses traditionnelles, -\u00e0 18h 30, Le cabaret des libert\u00e9s vient sur le march\u00e9 de Gentioux. Le cabaret des libert\u00e9s, c&rsquo;est un mini festival itin\u00e9rant en Creuse:<\/p>\n","protected":false},"author":2,"featured_media":0,"comment_status":"closed","ping_status":"closed","sticky":false,"template":"","format":"standard","meta":{"footnotes":"","jetpack_publicize_message":"","jetpack_publicize_feature_enabled":true,"jetpack_social_post_already_shared":true,"jetpack_social_options":{"image_generator_settings":{"template":"highway","default_image_id":0,"font":"","enabled":false},"version":2}},"categories":[69],"tags":[],"class_list":["post-4483","post","type-post","status-publish","format-standard","hentry","category-agenda"],"jetpack_publicize_connections":[],"_links":{"self":[{"href":"https:\/\/renouee.millevaches.net\/WP\/wp-json\/wp\/v2\/posts\/4483","targetHints":{"allow":["GET"]}}],"collection":[{"href":"https:\/\/renouee.millevaches.net\/WP\/wp-json\/wp\/v2\/posts"}],"about":[{"href":"https:\/\/renouee.millevaches.net\/WP\/wp-json\/wp\/v2\/types\/post"}],"author":[{"embeddable":true,"href":"https:\/\/renouee.millevaches.net\/WP\/wp-json\/wp\/v2\/users\/2"}],"replies":[{"embeddable":true,"href":"https:\/\/renouee.millevaches.net\/WP\/wp-json\/wp\/v2\/comments?post=4483"}],"version-history":[{"count":0,"href":"https:\/\/renouee.millevaches.net\/WP\/wp-json\/wp\/v2\/posts\/4483\/revisions"}],"wp:attachment":[{"href":"https:\/\/renouee.millevaches.net\/WP\/wp-json\/wp\/v2\/media?parent=4483"}],"wp:term":[{"taxonomy":"category","embeddable":true,"href":"https:\/\/renouee.millevaches.net\/WP\/wp-json\/wp\/v2\/categories?post=4483"},{"taxonomy":"post_tag","embeddable":true,"href":"https:\/\/renouee.millevaches.net\/WP\/wp-json\/wp\/v2\/tags?post=4483"}],"curies":[{"name":"wp","href":"https:\/\/api.w.org\/{rel}","templated":true}]}}