{"id":4471,"date":"2021-07-20T12:34:27","date_gmt":"2021-07-20T12:34:27","guid":{"rendered":"https:\/\/www.renouee.millevaches.net\/?p=4471"},"modified":"2021-08-30T13:48:41","modified_gmt":"2021-08-30T13:48:41","slug":"combat-a-lepee-et-sur-poutre","status":"publish","type":"post","link":"https:\/\/renouee.millevaches.net\/WP\/agenda\/combat-a-lepee-et-sur-poutre\/","title":{"rendered":"Combat \u00e0 l&rsquo;\u00e9p\u00e9e et sur poutre"},"content":{"rendered":"\n<p>Pendant le march\u00e9 d&rsquo;\u00e9t\u00e9, l&rsquo;association \u00ab\u00a0Au temps des Celtes\u00a0\u00bb viendra animer un temps de combat \u00e0 l\u2019\u00e9p\u00e9e et de combat sur poutre.<\/p>\n\n\n\n<p>Cette association a pour but de faire conna\u00eetre la vie des celtes aux gens d&rsquo;aujourd&rsquo;hui. Elle viendra nous initier \u00e0 la pratique de l&rsquo;\u00e9p\u00e9e (\u00e0 partir de 12 ans) et sur poutre (tout \u00e2ge). Gratuit<\/p>\n\n\n\n<div class=\"wp-block-image\"><figure class=\"aligncenter size-large\"><img decoding=\"async\" width=\"724\" height=\"1024\" src=\"https:\/\/www.renouee.millevaches.net\/WP\/wp-content\/uploads\/2021\/07\/combat-a-l-epee-724x1024.jpg\" alt=\"\" class=\"wp-image-4472\" srcset=\"https:\/\/renouee.millevaches.net\/WP\/wp-content\/uploads\/2021\/07\/combat-a-l-epee-724x1024.jpg 724w, https:\/\/renouee.millevaches.net\/WP\/wp-content\/uploads\/2021\/07\/combat-a-l-epee-212x300.jpg 212w, https:\/\/renouee.millevaches.net\/WP\/wp-content\/uploads\/2021\/07\/combat-a-l-epee-768x1086.jpg 768w, https:\/\/renouee.millevaches.net\/WP\/wp-content\/uploads\/2021\/07\/combat-a-l-epee-1086x1536.jpg 1086w, https:\/\/renouee.millevaches.net\/WP\/wp-content\/uploads\/2021\/07\/combat-a-l-epee-1449x2048.jpg 1449w, https:\/\/renouee.millevaches.net\/WP\/wp-content\/uploads\/2021\/07\/combat-a-l-epee-1320x1866.jpg 1320w, https:\/\/renouee.millevaches.net\/WP\/wp-content\/uploads\/2021\/07\/combat-a-l-epee.jpg 1600w\" sizes=\"(max-width: 724px) 100vw, 724px\" \/><\/figure><\/div>\n","protected":false},"excerpt":{"rendered":"<p>Pendant le march\u00e9 d&rsquo;\u00e9t\u00e9, l&rsquo;association \u00ab\u00a0Au temps des Celtes\u00a0\u00bb viendra animer un temps de combat \u00e0 l\u2019\u00e9p\u00e9e et de combat sur poutre. Cette association a pour but de faire conna\u00eetre la vie des celtes aux gens d&rsquo;aujourd&rsquo;hui. Elle viendra nous initier \u00e0 la pratique de l&rsquo;\u00e9p\u00e9e (\u00e0 partir de 12 ans) et sur poutre (tout [&hellip;]<\/p>\n","protected":false},"author":2,"featured_media":0,"comment_status":"closed","ping_status":"closed","sticky":false,"template":"","format":"standard","meta":{"footnotes":"","jetpack_publicize_message":"","jetpack_publicize_feature_enabled":true,"jetpack_social_post_already_shared":true,"jetpack_social_options":{"image_generator_settings":{"template":"highway","default_image_id":0,"font":"","enabled":false},"version":2}},"categories":[69],"tags":[],"class_list":["post-4471","post","type-post","status-publish","format-standard","hentry","category-agenda"],"jetpack_publicize_connections":[],"_links":{"self":[{"href":"https:\/\/renouee.millevaches.net\/WP\/wp-json\/wp\/v2\/posts\/4471","targetHints":{"allow":["GET"]}}],"collection":[{"href":"https:\/\/renouee.millevaches.net\/WP\/wp-json\/wp\/v2\/posts"}],"about":[{"href":"https:\/\/renouee.millevaches.net\/WP\/wp-json\/wp\/v2\/types\/post"}],"author":[{"embeddable":true,"href":"https:\/\/renouee.millevaches.net\/WP\/wp-json\/wp\/v2\/users\/2"}],"replies":[{"embeddable":true,"href":"https:\/\/renouee.millevaches.net\/WP\/wp-json\/wp\/v2\/comments?post=4471"}],"version-history":[{"count":0,"href":"https:\/\/renouee.millevaches.net\/WP\/wp-json\/wp\/v2\/posts\/4471\/revisions"}],"wp:attachment":[{"href":"https:\/\/renouee.millevaches.net\/WP\/wp-json\/wp\/v2\/media?parent=4471"}],"wp:term":[{"taxonomy":"category","embeddable":true,"href":"https:\/\/renouee.millevaches.net\/WP\/wp-json\/wp\/v2\/categories?post=4471"},{"taxonomy":"post_tag","embeddable":true,"href":"https:\/\/renouee.millevaches.net\/WP\/wp-json\/wp\/v2\/tags?post=4471"}],"curies":[{"name":"wp","href":"https:\/\/api.w.org\/{rel}","templated":true}]}}