{"id":4456,"date":"2021-07-17T15:59:10","date_gmt":"2021-07-17T15:59:10","guid":{"rendered":"https:\/\/www.renouee.millevaches.net\/?p=4456"},"modified":"2021-10-20T12:18:32","modified_gmt":"2021-10-20T12:18:32","slug":"mardi-20-juin-14h-visite-de-la-foret-du-bourg-de-gentioux-place-du-monument","status":"publish","type":"post","link":"https:\/\/renouee.millevaches.net\/WP\/agenda\/mardi-20-juin-14h-visite-de-la-foret-du-bourg-de-gentioux-place-du-monument\/","title":{"rendered":"Mardi 20 juin &#8211; 14h visite de la for\u00eat du bourg de Gentioux &#8211; place du monument"},"content":{"rendered":"\n<p>La for\u00eat du bourg de Gentioux change de visage. Depuis 2013, plusieurs coupes ont eu lieu et de nouvelles essences ont fait leur apparition. En compagnie d&rsquo;un des membres du groupement forestier de La Brauze (propri\u00e9taire des parcelles foresti\u00e8res autour du bourg). La visite sera le temps d&rsquo;\u00e9changer sur l&rsquo;histoire de la for\u00eat (dont l&rsquo;une des premi\u00e8res plantations du territoire) mais aussi sur l&rsquo;\u00e9volution des choix de travail de la for\u00eat et des enjeux \u00e9cologiques, \u00e9conomiques et sanitaires qui peuvent exister au<\/p>\n\n\n\n<p>Visite gratuite &#8211; ouverte aux personnes habitant, traversant le bourg r\u00e9guli\u00e8rement et curieuses de comprendre l&rsquo;\u00e9volution du paysage.<\/p>\n\n\n\n<p><a href=\"https:\/\/opendata.koumoul.com\/reuses\/carte-des-parcelles-des-personnes-morales-majic\/full\">Cliquez ici <\/a>pour avoir l&rsquo;information (publique) sur les parcelles des personnes morales propri\u00e9taires.<\/p>\n\n\n\n<figure class=\"wp-block-image size-large\"><img decoding=\"async\" width=\"751\" height=\"498\" src=\"https:\/\/www.renouee.millevaches.net\/WP\/wp-content\/uploads\/2021\/07\/image-2.png\" alt=\"\" class=\"wp-image-4457\" srcset=\"https:\/\/renouee.millevaches.net\/WP\/wp-content\/uploads\/2021\/07\/image-2.png 751w, https:\/\/renouee.millevaches.net\/WP\/wp-content\/uploads\/2021\/07\/image-2-300x199.png 300w\" sizes=\"(max-width: 751px) 100vw, 751px\" \/><\/figure>\n","protected":false},"excerpt":{"rendered":"<p>La for\u00eat du bourg de Gentioux change de visage. Depuis 2013, plusieurs coupes ont eu lieu et de nouvelles essences ont fait leur apparition. En compagnie d&rsquo;un des membres du groupement forestier de La Brauze (propri\u00e9taire des parcelles foresti\u00e8res autour du bourg). La visite sera le temps d&rsquo;\u00e9changer sur l&rsquo;histoire de la for\u00eat (dont l&rsquo;une [&hellip;]<\/p>\n","protected":false},"author":2,"featured_media":4457,"comment_status":"closed","ping_status":"closed","sticky":false,"template":"","format":"standard","meta":{"footnotes":"","jetpack_publicize_message":"","jetpack_publicize_feature_enabled":true,"jetpack_social_post_already_shared":true,"jetpack_social_options":{"image_generator_settings":{"template":"highway","default_image_id":0,"font":"","enabled":false},"version":2}},"categories":[69],"tags":[],"class_list":["post-4456","post","type-post","status-publish","format-standard","has-post-thumbnail","hentry","category-agenda"],"jetpack_publicize_connections":[],"_links":{"self":[{"href":"https:\/\/renouee.millevaches.net\/WP\/wp-json\/wp\/v2\/posts\/4456","targetHints":{"allow":["GET"]}}],"collection":[{"href":"https:\/\/renouee.millevaches.net\/WP\/wp-json\/wp\/v2\/posts"}],"about":[{"href":"https:\/\/renouee.millevaches.net\/WP\/wp-json\/wp\/v2\/types\/post"}],"author":[{"embeddable":true,"href":"https:\/\/renouee.millevaches.net\/WP\/wp-json\/wp\/v2\/users\/2"}],"replies":[{"embeddable":true,"href":"https:\/\/renouee.millevaches.net\/WP\/wp-json\/wp\/v2\/comments?post=4456"}],"version-history":[{"count":0,"href":"https:\/\/renouee.millevaches.net\/WP\/wp-json\/wp\/v2\/posts\/4456\/revisions"}],"wp:featuredmedia":[{"embeddable":true,"href":"https:\/\/renouee.millevaches.net\/WP\/wp-json\/wp\/v2\/media\/4457"}],"wp:attachment":[{"href":"https:\/\/renouee.millevaches.net\/WP\/wp-json\/wp\/v2\/media?parent=4456"}],"wp:term":[{"taxonomy":"category","embeddable":true,"href":"https:\/\/renouee.millevaches.net\/WP\/wp-json\/wp\/v2\/categories?post=4456"},{"taxonomy":"post_tag","embeddable":true,"href":"https:\/\/renouee.millevaches.net\/WP\/wp-json\/wp\/v2\/tags?post=4456"}],"curies":[{"name":"wp","href":"https:\/\/api.w.org\/{rel}","templated":true}]}}