{"id":4442,"date":"2021-07-07T14:16:52","date_gmt":"2021-07-07T14:16:52","guid":{"rendered":"https:\/\/www.renouee.millevaches.net\/?p=4442"},"modified":"2021-10-20T12:19:14","modified_gmt":"2021-10-20T12:19:14","slug":"exposition-dialogue-avec-loeuvre-gravee-et-dessinee-de-roger-somville","status":"publish","type":"post","link":"https:\/\/renouee.millevaches.net\/WP\/agenda\/exposition-dialogue-avec-loeuvre-gravee-et-dessinee-de-roger-somville\/","title":{"rendered":"Exposition  \u00ab\u00a0Dialogue avec l\u2019\u0153uvre grav\u00e9e et dessin\u00e9e de Roger Somville\u00a0\u00bb"},"content":{"rendered":"\n<p>L&rsquo; association AIAP de Gentioux pr\u00e9sente son exposition: \u00ab\u00a0Dialogue avec l\u2019\u0153uvre grav\u00e9e et dessin\u00e9e de Roger Somville\u00a0\u00bb dans le bourg de Gentioux: le pr\u00e9au de l&rsquo;\u00e9cole, la biblioth\u00e8que et \u00e0 La Renou\u00e9e du 13 juillet au 13 ao\u00fbt 2021.<\/p>\n\n\n\n<figure class=\"wp-block-image size-large\"><img decoding=\"async\" src=\"blob:https:\/\/www.renouee.millevaches.net\/7fd2c453-091f-461c-b52b-8937bd86c4bd\" alt=\"\"\/><\/figure>\n\n\n\n<figure class=\"wp-block-image size-large\"><img decoding=\"async\" width=\"683\" height=\"1024\" src=\"https:\/\/www.renouee.millevaches.net\/WP\/wp-content\/uploads\/2021\/07\/affiche-somville-gentioux-1-683x1024.jpg\" alt=\"\" class=\"wp-image-4446\" srcset=\"https:\/\/renouee.millevaches.net\/WP\/wp-content\/uploads\/2021\/07\/affiche-somville-gentioux-1-683x1024.jpg 683w, https:\/\/renouee.millevaches.net\/WP\/wp-content\/uploads\/2021\/07\/affiche-somville-gentioux-1-200x300.jpg 200w, https:\/\/renouee.millevaches.net\/WP\/wp-content\/uploads\/2021\/07\/affiche-somville-gentioux-1-768x1152.jpg 768w, https:\/\/renouee.millevaches.net\/WP\/wp-content\/uploads\/2021\/07\/affiche-somville-gentioux-1-1024x1536.jpg 1024w, https:\/\/renouee.millevaches.net\/WP\/wp-content\/uploads\/2021\/07\/affiche-somville-gentioux-1-1365x2048.jpg 1365w, https:\/\/renouee.millevaches.net\/WP\/wp-content\/uploads\/2021\/07\/affiche-somville-gentioux-1-1320x1980.jpg 1320w, https:\/\/renouee.millevaches.net\/WP\/wp-content\/uploads\/2021\/07\/affiche-somville-gentioux-1-scaled.jpg 1280w\" sizes=\"(max-width: 683px) 100vw, 683px\" \/><\/figure>\n","protected":false},"excerpt":{"rendered":"<p>L&rsquo; association AIAP de Gentioux pr\u00e9sente son exposition: \u00ab\u00a0Dialogue avec l\u2019\u0153uvre grav\u00e9e et dessin\u00e9e de Roger Somville\u00a0\u00bb dans le bourg de Gentioux: le pr\u00e9au de l&rsquo;\u00e9cole, la biblioth\u00e8que et \u00e0 La Renou\u00e9e du 13 juillet au 13 ao\u00fbt 2021.<\/p>\n","protected":false},"author":2,"featured_media":0,"comment_status":"closed","ping_status":"closed","sticky":false,"template":"","format":"standard","meta":{"footnotes":"","jetpack_publicize_message":"","jetpack_publicize_feature_enabled":true,"jetpack_social_post_already_shared":true,"jetpack_social_options":{"image_generator_settings":{"template":"highway","default_image_id":0,"font":"","enabled":false},"version":2}},"categories":[69],"tags":[],"class_list":["post-4442","post","type-post","status-publish","format-standard","hentry","category-agenda"],"jetpack_publicize_connections":[],"_links":{"self":[{"href":"https:\/\/renouee.millevaches.net\/WP\/wp-json\/wp\/v2\/posts\/4442","targetHints":{"allow":["GET"]}}],"collection":[{"href":"https:\/\/renouee.millevaches.net\/WP\/wp-json\/wp\/v2\/posts"}],"about":[{"href":"https:\/\/renouee.millevaches.net\/WP\/wp-json\/wp\/v2\/types\/post"}],"author":[{"embeddable":true,"href":"https:\/\/renouee.millevaches.net\/WP\/wp-json\/wp\/v2\/users\/2"}],"replies":[{"embeddable":true,"href":"https:\/\/renouee.millevaches.net\/WP\/wp-json\/wp\/v2\/comments?post=4442"}],"version-history":[{"count":0,"href":"https:\/\/renouee.millevaches.net\/WP\/wp-json\/wp\/v2\/posts\/4442\/revisions"}],"wp:attachment":[{"href":"https:\/\/renouee.millevaches.net\/WP\/wp-json\/wp\/v2\/media?parent=4442"}],"wp:term":[{"taxonomy":"category","embeddable":true,"href":"https:\/\/renouee.millevaches.net\/WP\/wp-json\/wp\/v2\/categories?post=4442"},{"taxonomy":"post_tag","embeddable":true,"href":"https:\/\/renouee.millevaches.net\/WP\/wp-json\/wp\/v2\/tags?post=4442"}],"curies":[{"name":"wp","href":"https:\/\/api.w.org\/{rel}","templated":true}]}}