{"id":4361,"date":"2021-06-02T13:39:04","date_gmt":"2021-06-02T13:39:04","guid":{"rendered":"https:\/\/renouee.millevaches.net\/?p=4361"},"modified":"2021-10-20T12:24:37","modified_gmt":"2021-10-20T12:24:37","slug":"juin-2021-a-la-renouee","status":"publish","type":"post","link":"https:\/\/renouee.millevaches.net\/WP\/agenda\/juin-2021-a-la-renouee\/","title":{"rendered":"JUIN 2021: A LA RENOU\u00c9E"},"content":{"rendered":"\n<p><strong>-Le groupe \u00e9picerie a besoin de b\u00e9n\u00e9voles <\/strong>afin d\u2019assurer les permanences des lundi et jeudi.<\/p>\n\n\n\n<p><strong>-Du vrac \u00e0 l\u2019\u00e9picerie\u00a0<\/strong>:<strong> L\u2019association a fait l\u2019acquisition de 12 distributeurs de vrac, quelles sont vos envies d\u2019achat de vrac\u00a0?<\/strong><\/p>\n\n\n\n<p><strong>-Recherches b\u00e9n\u00e9voles<\/strong> pour les march\u00e9s d\u2019\u00e9t\u00e9 de juillet et ao\u00fbt<\/p>\n\n\n\n<p><strong>Des livres ont disparus du coin lecture de La Renou\u00e9e<\/strong>: Si vous les avez emprunt\u00e9, merci de les ramener au plus vite, ils sont r\u00e9clam\u00e9s par la biblioth\u00e8que\u00a0!<\/p>\n\n\n\n<p><strong>-Chaque lundi pendant le march\u00e9<\/strong>:<strong> Vente de plants potager et aromatiques, fleurs mellif\u00e8re et auxiliaires pour le potager par le verger apicole.<\/strong><\/p>\n\n\n\n<p><strong>-Vendredi 4 juin<\/strong>: Permanence d&rsquo;entraide administrative et juridique de 9h30 \u00e0 12h30\u00a0<\/p>\n\n\n\n<p><strong>-Dimanche 6 juin 14h-17h<\/strong>: Projection suivi d\u2019un temps d\u2019\u00e9change sur l<strong>es \u00e9coles du 3\u00e8me type<\/strong><\/p>\n\n\n\n<p><strong>-Lundi 7 juin \u00e0 19h<\/strong>: R\u00e9union de pr\u00e9paration du march\u00e9 d&rsquo;\u00e9t\u00e9<\/p>\n\n\n\n<p><strong>-vendredi 11 juin<\/strong>: Prochaine assembl\u00e9e mensuelle du Syndicat<\/p>\n\n\n\n<p><strong>-Samedi 12 juin<\/strong>:<strong> Garage \u00e0 fringues\u00a0de 14h\u00e0 19h: atelier d\u2019auto r\u00e9paration de couture<\/strong><\/p>\n\n\n\n<p><strong>-Dimanche 13 juin<\/strong>: Sortie nature \u00e0 9h: Oiseaux : visiteurs d&rsquo;\u00e9t\u00e9 et habitants \u00e0 l&rsquo;ann\u00e9e.<\/p>\n\n\n\n<p><strong>-lundi 14 juin, pendant le march\u00e9<\/strong>: Atelier fil pour les enfants<\/p>\n\n\n\n<p><strong>-Samedi 19 et Dimanche 20 juin<\/strong>: Ateliers ludiques autour de la question du consentement pour les 3\/4 ans, de 10h\u00e0 12h<\/p>\n\n\n\n<p><strong>-Samedi 19 juin<\/strong>: Atelier Laine Feutr\u00e9e, de 14h \u00e0 18h<\/p>\n\n\n\n<p><strong>-Dimanche 20 juin<\/strong>: Atelier d&rsquo;auto r\u00e9paration de v\u00e9lo de 14h \u00e0 16h-Th\u00e9matique: \u00e9lectrifier un vieux v\u00e9lo, combien \u00e7a co\u00fbte, comment \u00e7a marche?<\/p>\n","protected":false},"excerpt":{"rendered":"<p>-Le groupe \u00e9picerie a besoin de b\u00e9n\u00e9voles afin d\u2019assurer les permanences des lundi et jeudi. -Du vrac \u00e0 l\u2019\u00e9picerie\u00a0: L\u2019association a fait l\u2019acquisition de 12 distributeurs de vrac, quelles sont vos envies d\u2019achat de vrac\u00a0? -Recherches b\u00e9n\u00e9voles pour les march\u00e9s d\u2019\u00e9t\u00e9 de juillet et ao\u00fbt Des livres ont disparus du coin lecture de La Renou\u00e9e: [&hellip;]<\/p>\n","protected":false},"author":2,"featured_media":4289,"comment_status":"closed","ping_status":"closed","sticky":false,"template":"","format":"standard","meta":{"footnotes":"","jetpack_publicize_message":"","jetpack_publicize_feature_enabled":true,"jetpack_social_post_already_shared":false,"jetpack_social_options":{"image_generator_settings":{"template":"highway","default_image_id":0,"font":"","enabled":false},"version":2}},"categories":[69],"tags":[],"class_list":["post-4361","post","type-post","status-publish","format-standard","has-post-thumbnail","hentry","category-agenda"],"jetpack_publicize_connections":[],"_links":{"self":[{"href":"https:\/\/renouee.millevaches.net\/WP\/wp-json\/wp\/v2\/posts\/4361","targetHints":{"allow":["GET"]}}],"collection":[{"href":"https:\/\/renouee.millevaches.net\/WP\/wp-json\/wp\/v2\/posts"}],"about":[{"href":"https:\/\/renouee.millevaches.net\/WP\/wp-json\/wp\/v2\/types\/post"}],"author":[{"embeddable":true,"href":"https:\/\/renouee.millevaches.net\/WP\/wp-json\/wp\/v2\/users\/2"}],"replies":[{"embeddable":true,"href":"https:\/\/renouee.millevaches.net\/WP\/wp-json\/wp\/v2\/comments?post=4361"}],"version-history":[{"count":0,"href":"https:\/\/renouee.millevaches.net\/WP\/wp-json\/wp\/v2\/posts\/4361\/revisions"}],"wp:featuredmedia":[{"embeddable":true,"href":"https:\/\/renouee.millevaches.net\/WP\/wp-json\/wp\/v2\/media\/4289"}],"wp:attachment":[{"href":"https:\/\/renouee.millevaches.net\/WP\/wp-json\/wp\/v2\/media?parent=4361"}],"wp:term":[{"taxonomy":"category","embeddable":true,"href":"https:\/\/renouee.millevaches.net\/WP\/wp-json\/wp\/v2\/categories?post=4361"},{"taxonomy":"post_tag","embeddable":true,"href":"https:\/\/renouee.millevaches.net\/WP\/wp-json\/wp\/v2\/tags?post=4361"}],"curies":[{"name":"wp","href":"https:\/\/api.w.org\/{rel}","templated":true}]}}