{"id":4333,"date":"2021-06-02T12:07:38","date_gmt":"2021-06-02T12:07:38","guid":{"rendered":"https:\/\/renouee.millevaches.net\/?p=4333"},"modified":"2021-10-20T12:24:52","modified_gmt":"2021-10-20T12:24:52","slug":"projection-suivi-dune-discussion-sur-les-ecoles-du-3eme-type-dimanche-6-juin-14h-17h","status":"publish","type":"post","link":"https:\/\/renouee.millevaches.net\/WP\/agenda\/projection-suivi-dune-discussion-sur-les-ecoles-du-3eme-type-dimanche-6-juin-14h-17h\/","title":{"rendered":"dimanche 6 juin 14h- 17h &#8211; Projection suivi d\u2019une discussion sur les \u00e9coles du 3\u00e8me type"},"content":{"rendered":"\n<p>Quelles p\u00e9dagogies coop\u00e9ratives sont aujourd&rsquo;hui possibles dans l&rsquo;\u00e9ducation nationale : Les \u00e9coles du 3\u00e8me type par Sophie Billard, enseignante<\/p>\n\n\n\n<p>Projection du documentaire \u00ab\u00a0Une journ\u00e9e dans la classe de Sophie: \u00e0 la rencontre du 3\u00e8me type en \u00e9ducation prioritaire\u00a0\u00bb (r\u00e9al Claire Lebrun et Jean-Marc Th\u00e9rin, 2016, 50 min, CEMEA). Bande-annonce: <a href=\"https:\/\/vimeo.com\/200972656\">https:\/\/vimeo.com\/200972656<\/a>Blog de Bernard Collot : <a href=\"http:\/\/education3.canalblog.com\/\">http:\/\/education3.canalblog.com\/<\/a><\/p>\n\n\n\n<p>Office central de la coop\u00e9ration \u00e0 l&rsquo;\u00e9cole OCCE: <a rel=\"noreferrer noopener\" href=\"http:\/\/www2.occe.coop\/\" target=\"_blank\">http:\/\/www2.occe.coop\/<\/a> Techniques Freinet: <a rel=\"noreferrer noopener\" href=\"https:\/\/www.icem-pedagogie-freinet.org\/\" target=\"_blank\">https:\/\/www.icem-pedagogie-freinet.org<\/a><strong><br>\u00a0<\/strong><\/p>\n","protected":false},"excerpt":{"rendered":"<p>Quelles p\u00e9dagogies coop\u00e9ratives sont aujourd&rsquo;hui possibles dans l&rsquo;\u00e9ducation nationale : Les \u00e9coles du 3\u00e8me type par Sophie Billard, enseignante Projection du documentaire \u00ab\u00a0Une journ\u00e9e dans la classe de Sophie: \u00e0 la rencontre du 3\u00e8me type en \u00e9ducation prioritaire\u00a0\u00bb (r\u00e9al Claire Lebrun et Jean-Marc Th\u00e9rin, 2016, 50 min, CEMEA). Bande-annonce: https:\/\/vimeo.com\/200972656Blog de Bernard Collot : http:\/\/education3.canalblog.com\/ [&hellip;]<\/p>\n","protected":false},"author":2,"featured_media":4334,"comment_status":"closed","ping_status":"closed","sticky":false,"template":"","format":"standard","meta":{"footnotes":"","jetpack_publicize_message":"","jetpack_publicize_feature_enabled":true,"jetpack_social_post_already_shared":false,"jetpack_social_options":{"image_generator_settings":{"template":"highway","default_image_id":0,"font":"","enabled":false},"version":2}},"categories":[69],"tags":[],"class_list":["post-4333","post","type-post","status-publish","format-standard","has-post-thumbnail","hentry","category-agenda"],"jetpack_publicize_connections":[],"_links":{"self":[{"href":"https:\/\/renouee.millevaches.net\/WP\/wp-json\/wp\/v2\/posts\/4333","targetHints":{"allow":["GET"]}}],"collection":[{"href":"https:\/\/renouee.millevaches.net\/WP\/wp-json\/wp\/v2\/posts"}],"about":[{"href":"https:\/\/renouee.millevaches.net\/WP\/wp-json\/wp\/v2\/types\/post"}],"author":[{"embeddable":true,"href":"https:\/\/renouee.millevaches.net\/WP\/wp-json\/wp\/v2\/users\/2"}],"replies":[{"embeddable":true,"href":"https:\/\/renouee.millevaches.net\/WP\/wp-json\/wp\/v2\/comments?post=4333"}],"version-history":[{"count":0,"href":"https:\/\/renouee.millevaches.net\/WP\/wp-json\/wp\/v2\/posts\/4333\/revisions"}],"wp:featuredmedia":[{"embeddable":true,"href":"https:\/\/renouee.millevaches.net\/WP\/wp-json\/wp\/v2\/media\/4334"}],"wp:attachment":[{"href":"https:\/\/renouee.millevaches.net\/WP\/wp-json\/wp\/v2\/media?parent=4333"}],"wp:term":[{"taxonomy":"category","embeddable":true,"href":"https:\/\/renouee.millevaches.net\/WP\/wp-json\/wp\/v2\/categories?post=4333"},{"taxonomy":"post_tag","embeddable":true,"href":"https:\/\/renouee.millevaches.net\/WP\/wp-json\/wp\/v2\/tags?post=4333"}],"curies":[{"name":"wp","href":"https:\/\/api.w.org\/{rel}","templated":true}]}}