{"id":4283,"date":"2021-05-31T15:54:49","date_gmt":"2021-05-31T15:54:49","guid":{"rendered":"https:\/\/renouee.millevaches.net\/?p=4283"},"modified":"2021-10-20T12:27:59","modified_gmt":"2021-10-20T12:27:59","slug":"lettre-info-du-mois-de-juin","status":"publish","type":"post","link":"https:\/\/renouee.millevaches.net\/WP\/agenda\/lettre-info-du-mois-de-juin\/","title":{"rendered":"Lettre info du mois de juin: sommaire"},"content":{"rendered":"\n<p><\/p>\n\n\n\n<p class=\"has-text-align-center\"><strong>A GENTIOUX ET AILLEURS\u2026<\/strong><\/p>\n\n\n\n<p><strong>-Jeudi 3 juin&nbsp;d\u00e8s 9h30 : <\/strong>L\u2019association Le champ des possibles \u00e0 Lachaud organise une journ\u00e9e sur les tourbi\u00e8res&nbsp;:<\/p>\n\n\n\n<p><strong>-Dimanche 13 juin 15h-17h <\/strong>Prochaine r\u00e9union de coordination de la f\u00eate de la montagne limousine au Bar de Gentioux<\/p>\n\n\n\n<p><strong>-lundi 14 juin, pendant le march\u00e9<\/strong> Atelier fil pour les enfants<\/p>\n\n\n\n<p><strong>-Samedi 19 juin \u00e0 15h<\/strong> Prochaine pl\u00e9ni\u00e8re de la f\u00eate de la montagne limousine, \u00e0 la mairie de Pigerolles &#8212;<\/p>\n\n\n\n<p><strong>-Mercredi 23 juin &#8211; <\/strong>Biblioth\u00e8que de GENTIOUX \u00e0 15h45 HISTOIRES POUR P\u2019TITES ZOREILLES<\/p>\n\n\n\n<p>-Formation CNV par Les p\u2019tits bouts sur 3 week-end: <strong>samedi 5 et dimanche 6 juin\u00e0 Saint-Sulpice-les-Bois (pr\u00e8s de Meymac), samedi 26 et dimanche 27 juinaux Plateaux Limousins \u00e0 Roy\u00e8re et  samedi 16 et 17 octobre\u00e0 Saint-Sulpice-les-Bois (pr\u00e8s de Meymac)<\/strong><\/p>\n\n\n\n<p><strong>-samedi 19 juin 10h-12h <\/strong>Rencontre discussion sur Les \u00e9coles de la for\u00eat, la p\u00e9dagogie par la nature<em>Salon de la for\u00eat du Chammet (Faux-la-Montagne)<\/em><\/p>\n\n\n\n<p><\/p>\n\n\n\n<p class=\"has-text-align-center\"><strong><u><strong>A L<\/strong><\/u><\/strong><strong><u><strong>A RENOU\u00c9E<\/strong><\/u><\/strong><\/p>\n\n\n\n<p><strong>&#8211;<\/strong><strong>Le groupe \u00e9picerie a besoin de b\u00e9n\u00e9voles <\/strong><strong>afin d\u2019assurer les permanences des lundi et jeudi.<\/strong><\/p>\n\n\n\n<p><strong>-Du vrac \u00e0 l\u2019\u00e9picerie&nbsp;<\/strong><\/p>\n\n\n\n<p>&#8211;<strong>Des livres ont disparus du coin lecture de La Renou\u00e9e<\/strong><\/p>\n\n\n\n<p>&#8211;<strong>Recherches b\u00e9n\u00e9voles pour les march\u00e9s d\u2019\u00e9t\u00e9 de juillet et ao\u00fbt<\/strong><\/p>\n\n\n\n<p><strong>-Chaque lundi pendant le march\u00e9, Vente de plants potager et aromatiques, fleurs mellif\u00e8re et auxiliaires pour le potager par le verger apicole.<\/strong><\/p>\n\n\n\n<p><strong>-Vendredi 4 juin<\/strong> Permanence d&rsquo;entraide administrative et juridique de 9h30 \u00e0 12h30&nbsp;<\/p>\n\n\n\n<p><strong>-Dimanche 6 juin 14h-17h<\/strong> Projection suivi d\u2019un temps d\u2019\u00e9change sur l<strong>es \u00e9coles du 3\u00e8me type<\/strong><\/p>\n\n\n\n<p><strong>-Lundi 7 juin \u00e0 19h<\/strong> R\u00e9union de pr\u00e9paration du march\u00e9 d&rsquo;\u00e9t\u00e9<\/p>\n\n\n\n<p><strong>-vendredi 11 juin<\/strong> Prochaine assembl\u00e9e mensuelle du Syndicat<\/p>\n\n\n\n<p><strong>-Samedi 12 juin<\/strong> Garage \u00e0 fringues&nbsp;de 14h\u00e0 19h: atelier d\u2019auto r\u00e9paration de couture<\/p>\n\n\n\n<p><strong>-Dimanche 13 juin Sortie nature \u00e0 9h: Oiseaux : visiteurs d&rsquo;\u00e9t\u00e9 et habitants \u00e0 l&rsquo;ann\u00e9e.<\/strong><\/p>\n\n\n\n<p><strong>-Samedi 19 et Dimanche 20 juin<\/strong> Ateliers ludiques autour de la question du consentement pour les 3\/4 ans, de 10h\u00e0 12h<\/p>\n\n\n\n<p><strong>-Samedi 19 juin<\/strong> Atelier Laine Feutr\u00e9e, de 14h \u00e0 18h<\/p>\n\n\n\n<p><strong>-Dimanche 20 juin<\/strong> Atelier d&rsquo;auto r\u00e9paration de v\u00e9lo de 14h \u00e0 16h, Th\u00e9matique: \u00e9lectrifier un vieux v\u00e9lo, combien \u00e7a co\u00fbte, comment \u00e7a marche?<\/p>\n","protected":false},"excerpt":{"rendered":"<p>A GENTIOUX ET AILLEURS\u2026 -Jeudi 3 juin&nbsp;d\u00e8s 9h30 : L\u2019association Le champ des possibles \u00e0 Lachaud organise une journ\u00e9e sur les tourbi\u00e8res&nbsp;: -Dimanche 13 juin 15h-17h Prochaine r\u00e9union de coordination de la f\u00eate de la montagne limousine au Bar de Gentioux -lundi 14 juin, pendant le march\u00e9 Atelier fil pour les enfants -Samedi 19 juin [&hellip;]<\/p>\n","protected":false},"author":2,"featured_media":4289,"comment_status":"closed","ping_status":"closed","sticky":false,"template":"","format":"standard","meta":{"footnotes":"","jetpack_publicize_message":"","jetpack_publicize_feature_enabled":true,"jetpack_social_post_already_shared":false,"jetpack_social_options":{"image_generator_settings":{"template":"highway","default_image_id":0,"font":"","enabled":false},"version":2}},"categories":[69],"tags":[],"class_list":["post-4283","post","type-post","status-publish","format-standard","has-post-thumbnail","hentry","category-agenda"],"jetpack_publicize_connections":[],"_links":{"self":[{"href":"https:\/\/renouee.millevaches.net\/WP\/wp-json\/wp\/v2\/posts\/4283","targetHints":{"allow":["GET"]}}],"collection":[{"href":"https:\/\/renouee.millevaches.net\/WP\/wp-json\/wp\/v2\/posts"}],"about":[{"href":"https:\/\/renouee.millevaches.net\/WP\/wp-json\/wp\/v2\/types\/post"}],"author":[{"embeddable":true,"href":"https:\/\/renouee.millevaches.net\/WP\/wp-json\/wp\/v2\/users\/2"}],"replies":[{"embeddable":true,"href":"https:\/\/renouee.millevaches.net\/WP\/wp-json\/wp\/v2\/comments?post=4283"}],"version-history":[{"count":0,"href":"https:\/\/renouee.millevaches.net\/WP\/wp-json\/wp\/v2\/posts\/4283\/revisions"}],"wp:featuredmedia":[{"embeddable":true,"href":"https:\/\/renouee.millevaches.net\/WP\/wp-json\/wp\/v2\/media\/4289"}],"wp:attachment":[{"href":"https:\/\/renouee.millevaches.net\/WP\/wp-json\/wp\/v2\/media?parent=4283"}],"wp:term":[{"taxonomy":"category","embeddable":true,"href":"https:\/\/renouee.millevaches.net\/WP\/wp-json\/wp\/v2\/categories?post=4283"},{"taxonomy":"post_tag","embeddable":true,"href":"https:\/\/renouee.millevaches.net\/WP\/wp-json\/wp\/v2\/tags?post=4283"}],"curies":[{"name":"wp","href":"https:\/\/api.w.org\/{rel}","templated":true}]}}