{"id":4147,"date":"2020-07-06T17:10:47","date_gmt":"2020-07-06T17:10:47","guid":{"rendered":"http:\/\/renouee.millevaches.net\/?p=4147"},"modified":"2021-10-20T12:30:23","modified_gmt":"2021-10-20T12:30:23","slug":"save-the-date-mardi-7-juillet-ouverture-officielle-du-marche-dete-de-gentioux","status":"publish","type":"post","link":"https:\/\/renouee.millevaches.net\/WP\/agenda\/save-the-date-mardi-7-juillet-ouverture-officielle-du-marche-dete-de-gentioux\/","title":{"rendered":"[Save The Date] Mardi 7 juillet : Ouverture officielle du March\u00e9 d&rsquo;\u00c9t\u00e9 de Gentioux !"},"content":{"rendered":"\n<figure class=\"wp-block-image size-large\"><img decoding=\"async\" width=\"1024\" height=\"552\" src=\"http:\/\/renouee.millevaches.net\/WP\/wp-content\/uploads\/2020\/07\/VisuelMarcheD\u00c9t\u00e9DeGentioux-1024x552.png\" alt=\"\" class=\"wp-image-4148\" srcset=\"https:\/\/renouee.millevaches.net\/WP\/wp-content\/uploads\/2020\/07\/VisuelMarcheD\u00c9t\u00e9DeGentioux-1024x552.png 1024w, https:\/\/renouee.millevaches.net\/WP\/wp-content\/uploads\/2020\/07\/VisuelMarcheD\u00c9t\u00e9DeGentioux-300x162.png 300w, https:\/\/renouee.millevaches.net\/WP\/wp-content\/uploads\/2020\/07\/VisuelMarcheD\u00c9t\u00e9DeGentioux-768x414.png 768w, https:\/\/renouee.millevaches.net\/WP\/wp-content\/uploads\/2020\/07\/VisuelMarcheD\u00c9t\u00e9DeGentioux.png 1535w\" sizes=\"(max-width: 1024px) 100vw, 1024px\" \/><\/figure>\n\n\n\n<p>Cette ann\u00e9e encore, l\u2019association La Bascule, partenaire de la Mairie de Gentioux, participe au March\u00e9 d\u2019\u00c9t\u00e9 2020.<br><br>Son ouverture officielle aura lieu Place du Monument, ce mardi 7 juillet d\u00e8s 17h.<br>\u00c0 vos agendas !<br><br>Le March\u00e9 d&rsquo;\u00c9t\u00e9 se tiendra chaque mardi de juillet et ao\u00fbt, sur cette m\u00eame place, de 17h \u00e0 19h.<br><br>Lors de chacun de ces march\u00e9s, La Bascule propose de nombreuses animations. Pour inaugurer le premier, la fanfare d\u00e9cal\u00e9e A\u00c9ROSOL (Clarinette basse, Saxophone alto et t\u00e9nor, fl\u00fbte traversi\u00e8re) vient nous souffler ses compositions ensoleill\u00e9es et le Constance Chorale Club, s&rsquo;\u00e9gosiller !<br><br>Vous y retrouverez des producteurs de denr\u00e9es saines et locales, des concerts, des spectacles, un concert-spectacle (tous tout public), un march\u00e9 d&rsquo;artisans, un caf\u00e9 des enfants, de la s\u00e9rigraphie avec vos ami\u00b7e\u00b7s, des jeux divers et vari\u00e9s, un ma\u00eetre-chanteur \u00e0 p\u00e9dalo, une coiffeuse joviale, du tir-\u00e0-l&rsquo;arc participatif, des combats sur poutre et d&rsquo;\u00e9p\u00e9e pour les cadet\u00b7e\u00b7s, et une buvette pour vous rafra\u00eechir en soutenant l\u2019association. (Programme ci-dessous.)<br><br>Aussi, nous recherchons de l&rsquo;aide pour installer la buvette, et\/ou servir les buveur\u00b7euse\u00b7s, et\/ou d\u00e9sinstaller la buvette. Une belle occasion pour les plus motiv\u00e9\u00b7e\u00b7s d&rsquo;\u00eatre au c\u0153ur de l&rsquo;ambiance du march\u00e9.<br><br>Merci de vous inscrire, vos ami\u00b7e\u00b7s, vos voisin\u00b7e\u00b7s sur ce lien framacalc : <a href=\"https:\/\/wordpress.us9.list-manage.com\/track\/click?u=204b64fd2953f8b5a842f41fa&amp;id=d654976f69&amp;e=9fd14bac0a\">https:\/\/lite.framacalc.org\/9hdq-3cx915vh66-coordination-marche-d-ete-2020<\/a><br><br>Pour plus d\u2019informations, vous pouvez contacter Nicolas au 06 56 67 95 61 ou \u00e0 l&rsquo;adresse : <a href=\"mailto:gestion.labascule@millevaches.net\">gestion.labascule@millevaches.net<\/a><\/p>\n\n\n\n<p>\u00c0 mardi !<br>La Bascule pour La Renou\u00e9e<\/p>\n\n\n\n<figure class=\"wp-block-image size-large\"><img decoding=\"async\" width=\"640\" height=\"480\" src=\"https:\/\/renouee.millevaches.net\/WP\/wp-content\/uploads\/2020\/07\/e9bb85b2-b69c-4459-8972-dc71823f5c58.jpg\" alt=\"\" class=\"wp-image-4150\" srcset=\"https:\/\/renouee.millevaches.net\/WP\/wp-content\/uploads\/2020\/07\/e9bb85b2-b69c-4459-8972-dc71823f5c58.jpg 640w, https:\/\/renouee.millevaches.net\/WP\/wp-content\/uploads\/2020\/07\/e9bb85b2-b69c-4459-8972-dc71823f5c58-300x225.jpg 300w\" sizes=\"(max-width: 640px) 100vw, 640px\" \/><\/figure>\n\n\n\n<figure class=\"wp-block-image size-large\"><img decoding=\"async\" width=\"559\" height=\"794\" src=\"https:\/\/renouee.millevaches.net\/WP\/wp-content\/uploads\/2020\/07\/2020-07_flyer_juillet.jpg\" alt=\"\" class=\"wp-image-4149\" srcset=\"https:\/\/renouee.millevaches.net\/WP\/wp-content\/uploads\/2020\/07\/2020-07_flyer_juillet.jpg 559w, https:\/\/renouee.millevaches.net\/WP\/wp-content\/uploads\/2020\/07\/2020-07_flyer_juillet-211x300.jpg 211w\" sizes=\"(max-width: 559px) 100vw, 559px\" \/><\/figure>\n","protected":false},"excerpt":{"rendered":"<p>Cette ann\u00e9e encore, l\u2019association La Bascule, partenaire de la Mairie de Gentioux, participe au March\u00e9 d\u2019\u00c9t\u00e9 2020. Son ouverture officielle aura lieu Place du Monument, ce mardi 7 juillet d\u00e8s 17h.\u00c0 vos agendas ! Le March\u00e9 d&rsquo;\u00c9t\u00e9 se tiendra chaque mardi de juillet et ao\u00fbt, sur cette m\u00eame place, de 17h \u00e0 19h. Lors de [&hellip;]<\/p>\n","protected":false},"author":2,"featured_media":0,"comment_status":"closed","ping_status":"closed","sticky":false,"template":"","format":"standard","meta":{"footnotes":"","jetpack_publicize_message":"","jetpack_publicize_feature_enabled":true,"jetpack_social_post_already_shared":true,"jetpack_social_options":{"image_generator_settings":{"template":"highway","default_image_id":0,"font":"","enabled":false},"version":2}},"categories":[69],"tags":[],"class_list":["post-4147","post","type-post","status-publish","format-standard","hentry","category-agenda"],"jetpack_publicize_connections":[],"_links":{"self":[{"href":"https:\/\/renouee.millevaches.net\/WP\/wp-json\/wp\/v2\/posts\/4147","targetHints":{"allow":["GET"]}}],"collection":[{"href":"https:\/\/renouee.millevaches.net\/WP\/wp-json\/wp\/v2\/posts"}],"about":[{"href":"https:\/\/renouee.millevaches.net\/WP\/wp-json\/wp\/v2\/types\/post"}],"author":[{"embeddable":true,"href":"https:\/\/renouee.millevaches.net\/WP\/wp-json\/wp\/v2\/users\/2"}],"replies":[{"embeddable":true,"href":"https:\/\/renouee.millevaches.net\/WP\/wp-json\/wp\/v2\/comments?post=4147"}],"version-history":[{"count":0,"href":"https:\/\/renouee.millevaches.net\/WP\/wp-json\/wp\/v2\/posts\/4147\/revisions"}],"wp:attachment":[{"href":"https:\/\/renouee.millevaches.net\/WP\/wp-json\/wp\/v2\/media?parent=4147"}],"wp:term":[{"taxonomy":"category","embeddable":true,"href":"https:\/\/renouee.millevaches.net\/WP\/wp-json\/wp\/v2\/categories?post=4147"},{"taxonomy":"post_tag","embeddable":true,"href":"https:\/\/renouee.millevaches.net\/WP\/wp-json\/wp\/v2\/tags?post=4147"}],"curies":[{"name":"wp","href":"https:\/\/api.w.org\/{rel}","templated":true}]}}