{"id":4135,"date":"2020-04-09T17:11:45","date_gmt":"2020-04-09T17:11:45","guid":{"rendered":"http:\/\/renouee.millevaches.net\/?p=4135"},"modified":"2020-04-09T17:11:50","modified_gmt":"2020-04-09T17:11:50","slug":"nouveautes-du-depot-du-13-4-au-19-4","status":"publish","type":"post","link":"https:\/\/renouee.millevaches.net\/WP\/agenda\/nouveautes-du-depot-du-13-4-au-19-4\/","title":{"rendered":"Nouveaut\u00e9s du d\u00e9p\u00f4t du 13\/4 au 19\/4"},"content":{"rendered":"\n<h3 class=\"has-text-align-center wp-block-heading\"> <a rel=\"noreferrer noopener\" href=\"https:\/\/wordpress.us9.list-manage.com\/track\/click?u=204b64fd2953f8b5a842f41fa&amp;id=510f87b0f8&amp;e=b14c3e6955\" target=\"_blank\">AFFICHER LA LISTE DES PRODUITS DU 09\/04\/20<\/a> <\/h3>\n\n\n\n<ul class=\"wp-block-list\"><li>C&rsquo;est la fini pour la tome de Chez Thivaud (Cl\u00e9ment) <em>\u00e7a reviendra bient\u00f4t<\/em> <\/li><li>Du c\u00f4t\u00e9 du verger Apicole (S\u00e9verine &amp; Nico), il n&rsquo;y aura que des champignons cette semaine mais les plants arrivent les semaines suivantes !<\/li><li>Enfin \u00e0 La Callune (Sophie et Pauline), le fromage de brebis arrive \u00e0 partir du 20\/04<\/li><\/ul>\n\n\n\n<p>L&rsquo;\u00e9picerie (uniquement) est ouverte sur les horaires habituels avec d\u00e9p\u00f4t pour les producteurs. Pour diminuer les d\u00e9placements. L\u2019acc\u00e8s au b\u00e2timent est restreint sur le temps de l\u2019\u00e9picerie. \u00a0Il est possible de donner un coup de main \u00e0 l\u2019\u00e9quipe qui suit le march\u00e9 (accueil, pr\u00e9paration de l\u2019\u00e9picerie, rangement). Infos\u00a0: 06 85 59 82 00 \/ labascule@millevaches.net \u00a0 <\/p>\n\n\n\n<p><strong>REGROUPEZ VOS ACHATS ENTRE PERSONNES PROCHES &amp; VOISINS AUSSI POUR LES PERSONNES NE POUVANT FAIRE LEURS COURSES \ud83d\ude42<\/strong> <strong>HORAIRES \u00c9PICERIE<\/strong> <\/p>\n","protected":false},"excerpt":{"rendered":"<p>AFFICHER LA LISTE DES PRODUITS DU 09\/04\/20 C&rsquo;est la fini pour la tome de Chez Thivaud (Cl\u00e9ment) \u00e7a reviendra bient\u00f4t Du c\u00f4t\u00e9 du verger Apicole (S\u00e9verine &amp; Nico), il n&rsquo;y aura que des champignons cette semaine mais les plants arrivent les semaines suivantes ! Enfin \u00e0 La Callune (Sophie et Pauline), le fromage de brebis [&hellip;]<\/p>\n","protected":false},"author":2,"featured_media":0,"comment_status":"closed","ping_status":"closed","sticky":false,"template":"","format":"standard","meta":{"footnotes":"","jetpack_publicize_message":"","jetpack_publicize_feature_enabled":true,"jetpack_social_post_already_shared":true,"jetpack_social_options":{"image_generator_settings":{"template":"highway","default_image_id":0,"font":"","enabled":false},"version":2}},"categories":[69],"tags":[],"class_list":["post-4135","post","type-post","status-publish","format-standard","hentry","category-agenda"],"jetpack_publicize_connections":[],"_links":{"self":[{"href":"https:\/\/renouee.millevaches.net\/WP\/wp-json\/wp\/v2\/posts\/4135","targetHints":{"allow":["GET"]}}],"collection":[{"href":"https:\/\/renouee.millevaches.net\/WP\/wp-json\/wp\/v2\/posts"}],"about":[{"href":"https:\/\/renouee.millevaches.net\/WP\/wp-json\/wp\/v2\/types\/post"}],"author":[{"embeddable":true,"href":"https:\/\/renouee.millevaches.net\/WP\/wp-json\/wp\/v2\/users\/2"}],"replies":[{"embeddable":true,"href":"https:\/\/renouee.millevaches.net\/WP\/wp-json\/wp\/v2\/comments?post=4135"}],"version-history":[{"count":0,"href":"https:\/\/renouee.millevaches.net\/WP\/wp-json\/wp\/v2\/posts\/4135\/revisions"}],"wp:attachment":[{"href":"https:\/\/renouee.millevaches.net\/WP\/wp-json\/wp\/v2\/media?parent=4135"}],"wp:term":[{"taxonomy":"category","embeddable":true,"href":"https:\/\/renouee.millevaches.net\/WP\/wp-json\/wp\/v2\/categories?post=4135"},{"taxonomy":"post_tag","embeddable":true,"href":"https:\/\/renouee.millevaches.net\/WP\/wp-json\/wp\/v2\/tags?post=4135"}],"curies":[{"name":"wp","href":"https:\/\/api.w.org\/{rel}","templated":true}]}}