{"id":410,"date":"2016-08-28T13:06:28","date_gmt":"2016-08-28T13:06:28","guid":{"rendered":"http:\/\/renouee.millevaches.net\/?p=410"},"modified":"2017-05-29T16:05:50","modified_gmt":"2017-05-29T16:05:50","slug":"retour-en-cartes-photos-sur-la-journee-au-gaec-des-heliantes","status":"publish","type":"post","link":"https:\/\/renouee.millevaches.net\/WP\/agenda\/retour-en-cartes-photos-sur-la-journee-au-gaec-des-heliantes\/","title":{"rendered":"Retour en cartes &#038; photos sur la journ\u00e9e au GAEC des H\u00e9liantes"},"content":{"rendered":"<p class=\"western\">Rencontrer avec le GAEC des H\u00e9liantes, Vasi Jeune et le MRJC \u00e0 la for\u00eat Belleville.<\/p>\n<p class=\"western\">Voir la carte interactive retra\u00e7ant la visite du site\u00a0:<\/p>\n<p class=\"western\" style=\"text-align: center;\"><a href=\"http:\/\/u.osmfr.org\/m\/97475\/\" target=\"_blank\">Lien vers la carte<\/a><\/p>\n<p class=\"western\">Dimanche 7 ao\u00fbt 2016 au matin, des habitants de Gentioux et membres de La Bascule se sont donn\u00e9s rendez-vous sur la place du bourg de Gentioux pour un covoiturage en direction de la for\u00eat Belleville. Au programme\u00a0 d\u00e9couverte des diff\u00e9rentes activit\u00e9s existantes autour de la for\u00eat Belleville et chantier participatif.<\/p>\n<p class=\"western\"><br clear=\"left\" \/><a href=\"http:\/\/renouee.millevaches.net\/wp-content\/uploads\/2016\/08\/1.jpg\"><img decoding=\"async\" class=\"aligncenter wp-image-417 size-full\" src=\"http:\/\/renouee.millevaches.net\/wp-content\/uploads\/2016\/08\/1.jpg\" alt=\"1\" width=\"531\" height=\"299\" \/><\/a><\/p>\n<p class=\"western\"><b>Petite gen\u00e8se de l&rsquo;histoire de cette rencontre.<\/b><\/p>\n<p class=\"western\">D\u00e8s la rentr\u00e9e 2013, le march\u00e9 d&rsquo;\u00e9t\u00e9 prend ses habits d&rsquo;hiver et s&rsquo;installe dans le petit local rouge en bas du bourg de Gentioux. Dans ces 19 m\u00b2, prennent place, une fois par semaine, des producteurs locaux pour le temps du march\u00e9. D\u00e8s l&rsquo;installation, Albine du Gaec des H\u00e9liantes et pr\u00e9sente et apporte \u0153ufs et conserves pour les vendre sur le march\u00e9. Rapidement, le d\u00e9p\u00f4t se met en place et ce sont les bouteilles de jus de pomme de Vasi jeune qui arrivent sur les \u00e9tales. Du c\u00f4t\u00e9 de La Bascule, \u00e0 la suite de la premi\u00e8re visite sur les traces de La Bascule en 2014, l&rsquo;envie se fait ressentir de rencontrer d&rsquo;autres productrices et producteurs afin de voir leur quotidien et leurs mani\u00e8res de travailler.<\/p>\n<p class=\"western\">La for\u00eat nous vient vite en t\u00eate et, \u00e0 l&rsquo;occasion d&rsquo;un programme lanc\u00e9 par le PNR sur l&rsquo;alimentation locale (REGAL), nous nous d\u00e9cidons \u00e0 organiser une visite sur le lieu. Depuis 2015, le GAEC construit un b\u00e2timent proche du site de la for\u00eat Belleville. Nous d\u00e9cidons ensemble d&rsquo;organiser la visite en deux temps, un temps de d\u00e9couverte randonn\u00e9e et un temps de chantier afin d&rsquo;aider sur le b\u00e2timent. Au-del\u00e0 du coup de main, les chantiers collectifs sont de bonnes occasions de discuter. L&rsquo;histoire de la montagne limousine t\u00e9moigne de nombreux exemples de chantiers collectifs.<\/p>\n<p class=\"western\">Le Collectif de la For\u00eat Belleville \u2013 VASI Jeunes, le GAEC des H\u00e9lianthes et le MRJC Limousin \u2013 a ainsi pu faire d\u00e9couvrir les diff\u00e9rentes productions et projets qu&rsquo;ils ont ici, entre Vidaillat et Soubrebost\u00a0: production de fromages, de conserves de viande, d&rsquo;huile, d&rsquo;\u0153ufs et de jus de pomme, logement passerelle, espace-test agricole ou encore accueil de projets de jeunes. Compos\u00e9 d&rsquo;adh\u00e9rents de La Bascule, de quelques jeunes du MRJC, d&rsquo;ami-e-s du GAEC et de VASI Jeunes, le groupe a d&rsquo;abord randonn\u00e9 jusqu&rsquo;au Puy, la ferme \u00e0 l&rsquo;origine du projet du GAEC o\u00f9 se trouvent les vaches et les cochons.<\/p>\n<p class=\"western\"><a href=\"http:\/\/renouee.millevaches.net\/wp-content\/uploads\/2016\/08\/2.jpg\"><img decoding=\"async\" class=\"aligncenter wp-image-416 size-full\" src=\"http:\/\/renouee.millevaches.net\/wp-content\/uploads\/2016\/08\/2.jpg\" alt=\"2\" width=\"520\" height=\"292\" \/><\/a><\/p>\n<p class=\"western\">Apr\u00e8s un repas partag\u00e9 \u00e0 la For\u00eat, le lieu a \u00e9t\u00e9 pr\u00e9sent\u00e9, notamment avec le projet de Fabrique en Monde Rural (pour l&rsquo;accueil de personnes, de leurs projets et de formations) et avec un focus sur le pressoir \u2013 \u00e9l\u00e9ment ressource du lieu \u2013 son histoire et la mani\u00e8re dont on y fait le jus de pomme.<\/p>\n<p class=\"western\">Le reste de l&rsquo;apr\u00e8s-midi a \u00e9t\u00e9 consacr\u00e9 \u00e0 un grand chantier collectif sur le b\u00e2timent multi-esp\u00e8ces du GAEC des H\u00e9lianthes, en construction \u00e0 la For\u00eat Belleville pour compl\u00e9ter l&rsquo;accueil actuel des poules, chevrettes et de quelques vaches. L&rsquo;installation de plancher et de structures bois pour fixer celui-ci ou encore l&rsquo;isolation du petit magasin attenant ont permis de mieux visualiser la forme et l&rsquo;int\u00e9r\u00eat final de ce b\u00e2timent\u00a0: avoir \u00e0 la fois un nid douillet et fonctionnel pour quelques veaux, vaches, cochons et chevrettes, et permettre aux personnes de passage de venir d\u00e9couvrir et participer aux soins des troupeaux.<\/p>\n<p class=\"western\">Sur la route du retour, une bonne partie du groupe en a profit\u00e9 pour visiter l&rsquo;\u00e9levage de ch\u00e8vres, la fromagerie et un second poulailler du GAEC, au Masmoutard, quelques kilom\u00e8tres au-dessus de la For\u00eat, sur la route de Soubrebost.<\/p>\n<p class=\"western\"><a href=\"http:\/\/renouee.millevaches.net\/wp-content\/uploads\/2016\/08\/3.png\"><img decoding=\"async\" class=\"size-medium wp-image-415 aligncenter\" src=\"http:\/\/renouee.millevaches.net\/wp-content\/uploads\/2016\/08\/3-300x172.png\" alt=\"3\" width=\"300\" height=\"172\" \/><\/a><br clear=\"left\" \/> Pour La bascule, cette journ\u00e9e fut enrichissante et l&rsquo;occasion de resserrer les liens (pr\u00eat de mat\u00e9riel, etc).<a href=\"http:\/\/renouee.millevaches.net\/wp-content\/uploads\/2016\/08\/4.jpg\"><img decoding=\"async\" class=\"size-medium wp-image-414 alignright\" src=\"http:\/\/renouee.millevaches.net\/wp-content\/uploads\/2016\/08\/4-123x300.jpg\" alt=\"4\" width=\"123\" height=\"300\" \/><\/a><\/p>\n<p class=\"western\">Pour infos, un chantier participatif de joint \u00e0 la chaux sera organis\u00e9 le vendredi 2 septembre. Ce chantier sera encadr\u00e9 par un artisan, l&rsquo;occasion de d\u00e9couvrir cette technique<\/p>\n<p class=\"western\">Plus d&rsquo;infos\u00a0: <a href=\"http:\/\/vasijeunes.free.fr\/\">http:\/\/vasijeunes.free.fr\/<\/a><\/p>\n<p class=\"western\">05 55 64 94 62<\/p>\n<p class=\"western\">Le type de journ\u00e9e propos\u00e9 (visite &amp; chantier) nous semble \u00eatre une r\u00e9ussite. Les personnes n&rsquo;ayant pas l&rsquo;envie ou la possibilit\u00e9 de participer au chantier on pu aller voir les ch\u00e8vres situ\u00e9es non loin du b\u00e2timent.<\/p>\n<p class=\"western\">Merci \u00e0 Albine Olivier, Anne, J\u00e9rome, Gabriel, Julien, Vincent et toutes et tous les participants \u00e0 cette journ\u00e9e.<\/p>\n<p class=\"western\">Cette journ\u00e9e n&rsquo;aurait pu avoir lieu sans le soutien de la CAF 23 et du PNR de Millevaches.<\/p>\n","protected":false},"excerpt":{"rendered":"<p>Rencontrer avec le GAEC des H\u00e9liantes, Vasi Jeune et le MRJC \u00e0 la for\u00eat Belleville. Voir la carte interactive retra\u00e7ant la visite du site\u00a0: Lien vers la carte Dimanche 7 ao\u00fbt 2016 au matin, des habitants de Gentioux et membres de La Bascule se sont donn\u00e9s rendez-vous sur la place du bourg de Gentioux pour [&hellip;]<\/p>\n","protected":false},"author":2,"featured_media":418,"comment_status":"closed","ping_status":"closed","sticky":false,"template":"","format":"standard","meta":{"footnotes":"","jetpack_publicize_message":"","jetpack_publicize_feature_enabled":true,"jetpack_social_post_already_shared":true,"jetpack_social_options":{"image_generator_settings":{"template":"highway","default_image_id":0,"font":"","enabled":false},"version":2}},"categories":[69],"tags":[],"class_list":["post-410","post","type-post","status-publish","format-standard","has-post-thumbnail","hentry","category-agenda"],"jetpack_publicize_connections":[],"_links":{"self":[{"href":"https:\/\/renouee.millevaches.net\/WP\/wp-json\/wp\/v2\/posts\/410","targetHints":{"allow":["GET"]}}],"collection":[{"href":"https:\/\/renouee.millevaches.net\/WP\/wp-json\/wp\/v2\/posts"}],"about":[{"href":"https:\/\/renouee.millevaches.net\/WP\/wp-json\/wp\/v2\/types\/post"}],"author":[{"embeddable":true,"href":"https:\/\/renouee.millevaches.net\/WP\/wp-json\/wp\/v2\/users\/2"}],"replies":[{"embeddable":true,"href":"https:\/\/renouee.millevaches.net\/WP\/wp-json\/wp\/v2\/comments?post=410"}],"version-history":[{"count":0,"href":"https:\/\/renouee.millevaches.net\/WP\/wp-json\/wp\/v2\/posts\/410\/revisions"}],"wp:featuredmedia":[{"embeddable":true,"href":"https:\/\/renouee.millevaches.net\/WP\/wp-json\/"}],"wp:attachment":[{"href":"https:\/\/renouee.millevaches.net\/WP\/wp-json\/wp\/v2\/media?parent=410"}],"wp:term":[{"taxonomy":"category","embeddable":true,"href":"https:\/\/renouee.millevaches.net\/WP\/wp-json\/wp\/v2\/categories?post=410"},{"taxonomy":"post_tag","embeddable":true,"href":"https:\/\/renouee.millevaches.net\/WP\/wp-json\/wp\/v2\/tags?post=410"}],"curies":[{"name":"wp","href":"https:\/\/api.w.org\/{rel}","templated":true}]}}