{"id":3959,"date":"2018-10-24T14:00:10","date_gmt":"2018-10-24T14:00:10","guid":{"rendered":"http:\/\/renouee.millevaches.net\/?p=3959"},"modified":"2018-10-17T17:58:50","modified_gmt":"2018-10-17T17:58:50","slug":"atelier-on-se-defend-pour-enfants-de-primaire-24-10-18","status":"publish","type":"post","link":"https:\/\/renouee.millevaches.net\/WP\/agenda\/atelier-on-se-defend-pour-enfants-de-primaire-24-10-18\/","title":{"rendered":"Atelier \u00ab\u00a0ON SE D\u00c9FEND\u00a0\u00bb pour enfants de primaire 24\/10\/18"},"content":{"rendered":"<p>La Bascule, Pivoine, le planning familial 19 &amp; FELIS vous propose un atelier \u00ab\u00a0On se d\u00e9fend!\u00a0\u00bb pour les enfants de 5 \u00e0 11 ans<\/p>\n<p>\u00e0 la salle des f\u00eates de Faux-la-Montagne ce mercredi 24 octobre 2018 de 14h \u00e0 16h30. Pour les filles &amp; gar\u00e7ons, cet atelier est inspir\u00e9 du programme am\u00e9ricain CAP Child Abuse Prevention et des mouvements d\u2019autod\u00e9fense de femmes. L\u2019atelier propose sous<br \/>\nformes de sc\u00e9nettes, de travailler les r\u00e9actions pour faire face \u00e0 diff\u00e9rentes formes d\u2019agressions : camarade de classe, adulte connu<br \/>\net adulte inconnu. Pendant l\u2019atelier, les enfants partagent ensemble leurs id\u00e9es pour faire face \u00e0 ces situation.<\/p>\n<p>&nbsp;<\/p>\n<p>Mis en place dans une \u00e9cole de Saint Denis (93) par la formatrice et lors d&rsquo;un camp d\u2019\u00e9t\u00e9 autog\u00e9r\u00e9.<br \/>\nla formatrice est institutrice en \u00e9cole primaire dans l&rsquo;\u00e9ducation nationale, formatrice en autod\u00e9fense pour femmes et<br \/>\nenfants, militante pour les p\u00e9dagogies populaires et coop\u00e9ratives et membre du collectif FELIS en faveur de l&rsquo;autod\u00e9fense<br \/>\ndes femmes et des enfants.<\/p>\n<p>R\u00e9servations : labascule@millevaches.net<br \/>\nsuivi d\u2019un go\u00fbter organis\u00e9 par La Bascule<\/p>\n","protected":false},"excerpt":{"rendered":"<p>La Bascule, Pivoine, le planning familial 19 &amp; FELIS vous propose un atelier \u00ab\u00a0On se d\u00e9fend!\u00a0\u00bb pour les enfants de 5 \u00e0 11 ans \u00e0 la salle des f\u00eates de Faux-la-Montagne ce mercredi 24 octobre 2018 de 14h \u00e0 16h30. Pour les filles &amp; gar\u00e7ons, cet atelier est inspir\u00e9 du programme am\u00e9ricain CAP Child Abuse [&hellip;]<\/p>\n","protected":false},"author":2,"featured_media":3960,"comment_status":"closed","ping_status":"closed","sticky":false,"template":"","format":"standard","meta":{"footnotes":"","jetpack_publicize_message":"","jetpack_publicize_feature_enabled":true,"jetpack_social_post_already_shared":false,"jetpack_social_options":{"image_generator_settings":{"template":"highway","default_image_id":0,"font":"","enabled":false},"version":2}},"categories":[69],"tags":[],"class_list":["post-3959","post","type-post","status-publish","format-standard","has-post-thumbnail","hentry","category-agenda"],"jetpack_publicize_connections":[],"_links":{"self":[{"href":"https:\/\/renouee.millevaches.net\/WP\/wp-json\/wp\/v2\/posts\/3959","targetHints":{"allow":["GET"]}}],"collection":[{"href":"https:\/\/renouee.millevaches.net\/WP\/wp-json\/wp\/v2\/posts"}],"about":[{"href":"https:\/\/renouee.millevaches.net\/WP\/wp-json\/wp\/v2\/types\/post"}],"author":[{"embeddable":true,"href":"https:\/\/renouee.millevaches.net\/WP\/wp-json\/wp\/v2\/users\/2"}],"replies":[{"embeddable":true,"href":"https:\/\/renouee.millevaches.net\/WP\/wp-json\/wp\/v2\/comments?post=3959"}],"version-history":[{"count":0,"href":"https:\/\/renouee.millevaches.net\/WP\/wp-json\/wp\/v2\/posts\/3959\/revisions"}],"wp:featuredmedia":[{"embeddable":true,"href":"https:\/\/renouee.millevaches.net\/WP\/wp-json\/wp\/v2\/media\/3960"}],"wp:attachment":[{"href":"https:\/\/renouee.millevaches.net\/WP\/wp-json\/wp\/v2\/media?parent=3959"}],"wp:term":[{"taxonomy":"category","embeddable":true,"href":"https:\/\/renouee.millevaches.net\/WP\/wp-json\/wp\/v2\/categories?post=3959"},{"taxonomy":"post_tag","embeddable":true,"href":"https:\/\/renouee.millevaches.net\/WP\/wp-json\/wp\/v2\/tags?post=3959"}],"curies":[{"name":"wp","href":"https:\/\/api.w.org\/{rel}","templated":true}]}}