{"id":3924,"date":"2018-10-05T17:58:34","date_gmt":"2018-10-05T17:58:34","guid":{"rendered":"http:\/\/renouee.millevaches.net\/WP\/?p=3924"},"modified":"2018-10-09T13:18:38","modified_gmt":"2018-10-09T13:18:38","slug":"venredri-12-octobre-19h30-rencontre-avec-des-paysans-de-la-region-dinza-en-colombie","status":"publish","type":"post","link":"https:\/\/renouee.millevaches.net\/WP\/agenda\/venredri-12-octobre-19h30-rencontre-avec-des-paysans-de-la-region-dinza-en-colombie\/","title":{"rendered":"VENREDRI 12 OCTOBRE &#8211; 19H30 | Rencontre avec des paysans de la r\u00e9gion d&rsquo;Inz\u00e1 en Colombie"},"content":{"rendered":"\n<p>Eliecer Morales et Antonio Arias deux membres du processus paysans \nde Inz\u00e1 dans la r\u00e9gion du Cauca au sud de la Colombie viennent nous \nparler de leurs luttes locales comme nationales pour la prise en compte \ndes droits des paysans .\nNous pourrons aussi \u00e9changer \u00e0 propos des accords de paix qui sont cens\u00e9 \u00eatre appliqu\u00e9s par le gouvernement. \nIl y aura une soupe et du pain amenez plus si vous voulez.\nEntr\u00e9e libre<\/p>\n","protected":false},"excerpt":{"rendered":"<p>Eliecer Morales et Antonio Arias deux membres du processus paysans de Inz\u00e1 dans la r\u00e9gion du Cauca au sud de la Colombie viennent nous parler de leurs luttes locales comme nationales pour la prise en compte des droits des paysans . Nous pourrons aussi \u00e9changer \u00e0 propos des accords de paix qui sont cens\u00e9 \u00eatre [&hellip;]<\/p>\n","protected":false},"author":2,"featured_media":3925,"comment_status":"closed","ping_status":"closed","sticky":false,"template":"","format":"standard","meta":{"footnotes":"","jetpack_publicize_message":"","jetpack_publicize_feature_enabled":true,"jetpack_social_post_already_shared":true,"jetpack_social_options":{"image_generator_settings":{"template":"highway","default_image_id":0,"font":"","enabled":false},"version":2}},"categories":[69],"tags":[],"class_list":["post-3924","post","type-post","status-publish","format-standard","has-post-thumbnail","hentry","category-agenda"],"jetpack_publicize_connections":[],"_links":{"self":[{"href":"https:\/\/renouee.millevaches.net\/WP\/wp-json\/wp\/v2\/posts\/3924","targetHints":{"allow":["GET"]}}],"collection":[{"href":"https:\/\/renouee.millevaches.net\/WP\/wp-json\/wp\/v2\/posts"}],"about":[{"href":"https:\/\/renouee.millevaches.net\/WP\/wp-json\/wp\/v2\/types\/post"}],"author":[{"embeddable":true,"href":"https:\/\/renouee.millevaches.net\/WP\/wp-json\/wp\/v2\/users\/2"}],"replies":[{"embeddable":true,"href":"https:\/\/renouee.millevaches.net\/WP\/wp-json\/wp\/v2\/comments?post=3924"}],"version-history":[{"count":0,"href":"https:\/\/renouee.millevaches.net\/WP\/wp-json\/wp\/v2\/posts\/3924\/revisions"}],"wp:featuredmedia":[{"embeddable":true,"href":"https:\/\/renouee.millevaches.net\/WP\/wp-json\/wp\/v2\/media\/3925"}],"wp:attachment":[{"href":"https:\/\/renouee.millevaches.net\/WP\/wp-json\/wp\/v2\/media?parent=3924"}],"wp:term":[{"taxonomy":"category","embeddable":true,"href":"https:\/\/renouee.millevaches.net\/WP\/wp-json\/wp\/v2\/categories?post=3924"},{"taxonomy":"post_tag","embeddable":true,"href":"https:\/\/renouee.millevaches.net\/WP\/wp-json\/wp\/v2\/tags?post=3924"}],"curies":[{"name":"wp","href":"https:\/\/api.w.org\/{rel}","templated":true}]}}