{"id":3690,"date":"2018-03-24T15:00:15","date_gmt":"2018-03-24T15:00:15","guid":{"rendered":"http:\/\/renouee.millevaches.net\/WP\/?p=3690"},"modified":"2021-10-20T12:44:37","modified_gmt":"2021-10-20T12:44:37","slug":"presentation-de-la-therapie-cranio-sacree-biodynamique","status":"publish","type":"post","link":"https:\/\/renouee.millevaches.net\/WP\/agenda\/presentation-de-la-therapie-cranio-sacree-biodynamique\/","title":{"rendered":"PR\u00c9SENTATION DE LA TH\u00c9RAPIE CRANIO-SACR\u00c9E-BIODYNAMIQUE"},"content":{"rendered":"<div id=\"pl-3690\"  class=\"panel-layout\" >\n<div id=\"pg-3690-0\"  class=\"panel-grid panel-no-style\" >\n<div id=\"pgc-3690-0-0\"  class=\"panel-grid-cell\"  data-weight=\"1\" >\n<div id=\"panel-3690-0-0-0\" class=\"so-panel widget widget_siteorigin-panels-post-content panel-first-child\" data-index=\"0\" data-style=\"{&quot;background_display&quot;:&quot;tile&quot;}\" >[siteorigin_widget class=\u00a0\u00bbSiteOrigin_Panels_Widgets_PostContent\u00a0\u00bb]<input type=\"hidden\" value=\"{&quot;instance&quot;:{&quot;type&quot;:&quot;featured&quot;},&quot;args&quot;:{&quot;before_widget&quot;:&quot;&lt;div id=\\&quot;panel-3690-0-0-0\\&quot; class=\\&quot;so-panel widget widget_siteorigin-panels-post-content panel-first-child\\&quot; data-index=\\&quot;0\\&quot; data-style=\\&quot;{&amp;quot;background_display&amp;quot;:&amp;quot;tile&amp;quot;}\\&quot; &gt;&quot;,&quot;after_widget&quot;:&quot;&lt;\\\/div&gt;&quot;,&quot;before_title&quot;:&quot;&lt;h3 class=\\&quot;widget-title\\&quot;&gt;&quot;,&quot;after_title&quot;:&quot;&lt;\\\/h3&gt;&quot;,&quot;widget_id&quot;:&quot;widget-0-0-0&quot;}}\" \/>[\/siteorigin_widget]<\/div>\n<div id=\"panel-3690-0-0-1\" class=\"so-panel widget widget_sow-editor panel-last-child\" data-index=\"1\" data-style=\"{&quot;background_image_attachment&quot;:false,&quot;background_display&quot;:&quot;tile&quot;}\" >\n<div class=\"so-widget-sow-editor so-widget-sow-editor-base\">\n<h3 class=\"widget-title\">Samedi 24 mars \u00e0 15 h GENTIOUX, La Renou\u00e9e \/ Jeudi 29 mars \u00e0 18 h 30 FAUX LA MONTAGNE, Salle du conseil de la mairie<\/h3>\n<div class=\"siteorigin-widget-tinymce textwidget\">\n<div class=\"siteorigin-widget-tinymce textwidget\">\n<p>Muriel Habert pratique la th\u00e9rapie cranio-sacr\u00e9e biodynamique depuis 2015.<\/p>\n<blockquote>\n<p>A travers une pr\u00e9sentation de l\u2019historique de cette pratique, de ses principes et ses champs d\u2019action, ce sera l\u2019occasion d\u2019une pr\u00e9sentation de cette approche th\u00e9rapeutique holistique, et de discussions sur la sant\u00e9, le corps, le vivant.<\/p>\n<\/blockquote>\n<pre>Dur\u00e9e : 2h<br \/>Contact : 06 38 20 02 03 <\/pre>\n<h5>Liens : <a href=\"https:\/\/www.craniosuisse.ch\/fr\/p37000699.html\" target=\"_blank\" rel=\"noopener\">https:\/\/www.craniosuisse.ch\/fr\/p37000699.html<\/a><br \/>Video: <a href=\"https:\/\/www.craniosuisse.ch\/fr\/p37004107.html\" target=\"_blank\" rel=\"noopener\">https:\/\/www.craniosuisse.ch\/fr\/p37004107.html<\/a><\/h5>\n<\/div>\n<\/div>\n<\/div>\n<\/div>\n<\/div>\n<\/div>\n<\/div>\n","protected":false},"excerpt":{"rendered":"<p>[siteorigin_widget class=\u00a0\u00bbSiteOrigin_Panels_Widgets_PostContent\u00a0\u00bb][\/siteorigin_widget] Samedi 24 mars \u00e0 15 h GENTIOUX, La Renou\u00e9e \/ Jeudi 29 mars \u00e0 18 h 30 FAUX LA MONTAGNE, Salle du conseil de la mairie Muriel Habert pratique la th\u00e9rapie cranio-sacr\u00e9e biodynamique depuis 2015. A travers une pr\u00e9sentation de l\u2019historique de cette pratique, de ses principes et ses champs d\u2019action, ce sera [&hellip;]<\/p>\n","protected":false},"author":2,"featured_media":3691,"comment_status":"closed","ping_status":"closed","sticky":false,"template":"","format":"standard","meta":{"footnotes":"","jetpack_publicize_message":"","jetpack_publicize_feature_enabled":true,"jetpack_social_post_already_shared":false,"jetpack_social_options":{"image_generator_settings":{"template":"highway","default_image_id":0,"font":"","enabled":false},"version":2}},"categories":[69],"tags":[],"class_list":["post-3690","post","type-post","status-publish","format-standard","has-post-thumbnail","hentry","category-agenda"],"jetpack_publicize_connections":[],"_links":{"self":[{"href":"https:\/\/renouee.millevaches.net\/WP\/wp-json\/wp\/v2\/posts\/3690","targetHints":{"allow":["GET"]}}],"collection":[{"href":"https:\/\/renouee.millevaches.net\/WP\/wp-json\/wp\/v2\/posts"}],"about":[{"href":"https:\/\/renouee.millevaches.net\/WP\/wp-json\/wp\/v2\/types\/post"}],"author":[{"embeddable":true,"href":"https:\/\/renouee.millevaches.net\/WP\/wp-json\/wp\/v2\/users\/2"}],"replies":[{"embeddable":true,"href":"https:\/\/renouee.millevaches.net\/WP\/wp-json\/wp\/v2\/comments?post=3690"}],"version-history":[{"count":0,"href":"https:\/\/renouee.millevaches.net\/WP\/wp-json\/wp\/v2\/posts\/3690\/revisions"}],"wp:featuredmedia":[{"embeddable":true,"href":"https:\/\/renouee.millevaches.net\/WP\/wp-json\/wp\/v2\/media\/3691"}],"wp:attachment":[{"href":"https:\/\/renouee.millevaches.net\/WP\/wp-json\/wp\/v2\/media?parent=3690"}],"wp:term":[{"taxonomy":"category","embeddable":true,"href":"https:\/\/renouee.millevaches.net\/WP\/wp-json\/wp\/v2\/categories?post=3690"},{"taxonomy":"post_tag","embeddable":true,"href":"https:\/\/renouee.millevaches.net\/WP\/wp-json\/wp\/v2\/tags?post=3690"}],"curies":[{"name":"wp","href":"https:\/\/api.w.org\/{rel}","templated":true}]}}