{"id":358,"date":"2016-08-05T08:53:28","date_gmt":"2016-08-05T08:53:28","guid":{"rendered":"http:\/\/renouee.millevaches.net\/?p=358"},"modified":"2017-05-29T16:05:50","modified_gmt":"2017-05-29T16:05:50","slug":"bascule-la-rencontre-a-vidaillat-cest-ce-dimanche-0708","status":"publish","type":"post","link":"https:\/\/renouee.millevaches.net\/WP\/agenda\/bascule-la-rencontre-a-vidaillat-cest-ce-dimanche-0708\/","title":{"rendered":"[Bascule] La rencontre \u00e0 Vidaillat, c&rsquo;est ce dimanche ! (07\/08)"},"content":{"rendered":"<h2 class=\"null\"><em><strong>Ce dimanche, allons rencontrer les membres du GAEC et les associations autour de la for\u00eat Belleville<\/strong><\/em><\/h2>\n<div style=\"text-align: right;\"><em>Bien plus qu&rsquo;un projet agricole<\/em><\/div>\n<div style=\"text-align: right;\"><em>Dimanche 7 ao\u00fbt &#8211; 10h30 &#8211; La for\u00eat de Belleville (Vidaliat 23)<\/em><\/div>\n<h2 class=\"null\"><strong>Habitant-e-s de Gentioux &amp; Alentour, covoiturons !<\/strong><\/h2>\n<p><a href=\"http:\/\/renouee.millevaches.net\/wp-content\/uploads\/2016\/08\/zoom_large.png\"><img decoding=\"async\" class=\"wp-image-360 size-full aligncenter\" src=\"http:\/\/renouee.millevaches.net\/wp-content\/uploads\/2016\/08\/zoom_large.png\" alt=\"zoom_large\" width=\"520\" height=\"452\" \/><\/a><\/p>\n<p style=\"text-align: center;\"><a href=\"http:\/\/umap.openstreetmap.fr\/en\/map\/untitled-map_96998\"><strong>Voir la carte en grand<\/strong><\/a><\/p>\n<table width=\"100%\">\n<tbody>\n<tr>\n<td>\n<table width=\"100%\">\n<tbody>\n<tr>\n<td>\n<table width=\"100%\">\n<tbody>\n<tr>\n<td><strong>Pour covoiturer et \/ ou annoncer votre pr\u00e9sence: <\/strong><br \/>\nlabascule@millevaches.net<br \/>\n05 55 66 15 33<\/td>\n<\/tr>\n<\/tbody>\n<\/table>\n<\/td>\n<\/tr>\n<\/tbody>\n<\/table>\n<\/td>\n<\/tr>\n<\/tbody>\n<\/table>\n<table width=\"100%\">\n<tbody>\n<tr>\n<td>\n<table width=\"100%\">\n<tbody>\n<tr>\n<td><strong>Informations pratiques<\/strong><\/p>\n<p>Un covoiturage est organis\u00e9 sur la place de Gentioux \u00e0 9h45<\/p>\n<p>L&rsquo;accueil se fait donc \u00e0 10h30 \u00e0 la for\u00eat Belleville avec caf\u00e9 &amp; boissons, l&rsquo;occasion d&rsquo;\u00e9couter l&rsquo;histoire du lieu et de ses membres. \u00c0 la suite, une premi\u00e8re visite aura lieu au Puy, cela est \u00e0 environ 3km de marche \u00e0 pied de la for\u00eat. Le repas partag\u00e9 du midi aura lieu sur le retour \u00e0 la for\u00eat. Le Masmoutard \u00e9tant sur la route, nous passerons au retour de la journ\u00e9e visiter les locaux.<\/p>\n<p><strong>Pour les personnes le d\u00e9sirant, un v\u00e9hicule sera \u00e0 disposition pour faire la navette ! <a href=\"http:\/\/renouee.millevaches.net\/wp-content\/uploads\/2016\/07\/7_aout.png\"><img decoding=\"async\" class=\"aligncenter wp-image-354 size-full\" src=\"http:\/\/renouee.millevaches.net\/wp-content\/uploads\/2016\/07\/7_aout.png\" alt=\"7_aout\" width=\"605\" height=\"852\" \/><\/a><\/strong><\/td>\n<\/tr>\n<\/tbody>\n<\/table>\n<\/td>\n<\/tr>\n<\/tbody>\n<\/table>\n","protected":false},"excerpt":{"rendered":"<p>Ce dimanche, allons rencontrer les membres du GAEC et les associations autour de la for\u00eat Belleville Bien plus qu&rsquo;un projet agricole Dimanche 7 ao\u00fbt &#8211; 10h30 &#8211; La for\u00eat de Belleville (Vidaliat 23) Habitant-e-s de Gentioux &amp; Alentour, covoiturons ! Voir la carte en grand Pour covoiturer et \/ ou annoncer votre pr\u00e9sence: labascule@millevaches.net 05 [&hellip;]<\/p>\n","protected":false},"author":2,"featured_media":359,"comment_status":"closed","ping_status":"closed","sticky":false,"template":"","format":"standard","meta":{"footnotes":"","jetpack_publicize_message":"","jetpack_publicize_feature_enabled":true,"jetpack_social_post_already_shared":true,"jetpack_social_options":{"image_generator_settings":{"template":"highway","default_image_id":0,"font":"","enabled":false},"version":2}},"categories":[69],"tags":[],"class_list":["post-358","post","type-post","status-publish","format-standard","has-post-thumbnail","hentry","category-agenda"],"jetpack_publicize_connections":[],"_links":{"self":[{"href":"https:\/\/renouee.millevaches.net\/WP\/wp-json\/wp\/v2\/posts\/358","targetHints":{"allow":["GET"]}}],"collection":[{"href":"https:\/\/renouee.millevaches.net\/WP\/wp-json\/wp\/v2\/posts"}],"about":[{"href":"https:\/\/renouee.millevaches.net\/WP\/wp-json\/wp\/v2\/types\/post"}],"author":[{"embeddable":true,"href":"https:\/\/renouee.millevaches.net\/WP\/wp-json\/wp\/v2\/users\/2"}],"replies":[{"embeddable":true,"href":"https:\/\/renouee.millevaches.net\/WP\/wp-json\/wp\/v2\/comments?post=358"}],"version-history":[{"count":0,"href":"https:\/\/renouee.millevaches.net\/WP\/wp-json\/wp\/v2\/posts\/358\/revisions"}],"wp:featuredmedia":[{"embeddable":true,"href":"https:\/\/renouee.millevaches.net\/WP\/wp-json\/"}],"wp:attachment":[{"href":"https:\/\/renouee.millevaches.net\/WP\/wp-json\/wp\/v2\/media?parent=358"}],"wp:term":[{"taxonomy":"category","embeddable":true,"href":"https:\/\/renouee.millevaches.net\/WP\/wp-json\/wp\/v2\/categories?post=358"},{"taxonomy":"post_tag","embeddable":true,"href":"https:\/\/renouee.millevaches.net\/WP\/wp-json\/wp\/v2\/tags?post=358"}],"curies":[{"name":"wp","href":"https:\/\/api.w.org\/{rel}","templated":true}]}}