{"id":3501,"date":"2018-02-19T19:30:05","date_gmt":"2018-02-19T19:30:05","guid":{"rendered":"http:\/\/renouee.millevaches.net\/WP\/?p=3501"},"modified":"2021-10-20T12:45:16","modified_gmt":"2021-10-20T12:45:16","slug":"rencontre-autour-de-l-usine-a-pellets-de-bugeat-viam","status":"publish","type":"post","link":"https:\/\/renouee.millevaches.net\/WP\/agenda\/rencontre-autour-de-l-usine-a-pellets-de-bugeat-viam\/","title":{"rendered":"Rencontre autour de l&rsquo;usine \u00e0 pellets torr\u00e9fi\u00e9s de Bugeat-Viam"},"content":{"rendered":"<div id=\"pl-3501\"  class=\"panel-layout\" >\n<div id=\"pg-3501-0\"  class=\"panel-grid panel-no-style\" >\n<div id=\"pgc-3501-0-0\"  class=\"panel-grid-cell\"  data-weight=\"1\" >\n<div id=\"panel-3501-0-0-0\" class=\"so-panel widget widget_sow-editor panel-first-child\" data-index=\"0\" data-style=\"{&quot;background_image_attachment&quot;:false,&quot;background_display&quot;:&quot;tile&quot;}\" >\n<div class=\"so-widget-sow-editor so-widget-sow-editor-base\">\n<h3 class=\"widget-title\">Lundi 19 f\u00e9vrier 2018 apr\u00e8s le march\u00e9 \u00e0 La Renou\u00e9e, vers 19h30<\/h3>\n<div class=\"siteorigin-widget-tinymce textwidget\">\n<blockquote>\n<p>Le lundi 19 f\u00e9vrier, l&rsquo;<a href=\"https:\/\/nonalamontagnepellets.fr\">association Non \u00e0 la Montagne-pellets<\/a> propose un temps d&rsquo;\u00e9changes et de rencontres sur la question de l&rsquo;usine \u00e0 pellets torr\u00e9fi\u00e9s de Bugeat-Viam.<\/p>\n<\/blockquote>\n<p>L&rsquo;association exposera les raisons de son opposition, et proposera aux participants d&rsquo;\u00e9changer \u00e0 propos de ce projet et plus largement, sur les probl\u00e9matiques foresti\u00e8re sur la montagne limousine.<\/p>\n<p>Que vous soyez oppos\u00e9 ou favorable \u00e0 ce projet, ce temps de rencontre a aussi pour objectif de permettre d&rsquo;\u00e9changer sereinement \u00e0 propos de ce projet controvers\u00e9. Il est donc ouvert \u00e0 tous et toutes.<\/p>\n<h5>&gt; <a href=\"http:\/\/radiovassiviere.com\/2018\/02\/je-refuse-dopposer-ecologie-et-social\/\">entretien avec des membres de Non \u00e0 la Montagne-Pellets \u00e0 \u00e9couter sur Radio Vassivi\u00e8re<\/a><\/h5>\n<!--[if lt IE 9]><script>document.createElement('audio');<\/script><![endif]-->\n<audio class=\"wp-audio-shortcode\" id=\"audio-3501-1\" preload=\"none\" style=\"width: 100%;\" controls=\"controls\"><source type=\"audio\/mpeg\" src=\"http:\/\/radiovassiviere.com\/wp-content\/uploads\/2018\/02\/2018-02-13-ITW-MONTAGNE-PELLETS-PAD.mp3?_=1\" \/><a href=\"http:\/\/radiovassiviere.com\/wp-content\/uploads\/2018\/02\/2018-02-13-ITW-MONTAGNE-PELLETS-PAD.mp3\">http:\/\/radiovassiviere.com\/wp-content\/uploads\/2018\/02\/2018-02-13-ITW-MONTAGNE-PELLETS-PAD.mp3<\/a><\/audio>\n<\/div>\n<\/div>\n<\/div>\n<div id=\"panel-3501-0-0-1\" class=\"so-panel widget widget_sow-image panel-last-child\" data-index=\"1\" data-style=\"{&quot;background_display&quot;:&quot;tile&quot;}\" >[siteorigin_widget class=\u00a0\u00bbSiteOrigin_Widget_Image_Widget\u00a0\u00bb]<input type=\"hidden\" value=\"{&quot;instance&quot;:{&quot;image&quot;:3504,&quot;image_fallback&quot;:&quot;&quot;,&quot;size&quot;:&quot;full&quot;,&quot;align&quot;:&quot;default&quot;,&quot;title&quot;:&quot;&quot;,&quot;title_position&quot;:&quot;hidden&quot;,&quot;alt&quot;:&quot;&quot;,&quot;url&quot;:&quot;&quot;,&quot;bound&quot;:true,&quot;_sow_form_id&quot;:&quot;5a7b1483764bb&quot;,&quot;_sow_form_timestamp&quot;:&quot;1518015639832&quot;,&quot;new_window&quot;:false,&quot;full_width&quot;:false},&quot;args&quot;:{&quot;before_widget&quot;:&quot;&lt;div id=\\&quot;panel-3501-0-0-1\\&quot; class=\\&quot;so-panel widget widget_sow-image panel-last-child\\&quot; data-index=\\&quot;1\\&quot; data-style=\\&quot;{&amp;quot;background_display&amp;quot;:&amp;quot;tile&amp;quot;}\\&quot; &gt;&quot;,&quot;after_widget&quot;:&quot;&lt;\\\/div&gt;&quot;,&quot;before_title&quot;:&quot;&lt;h3 class=\\&quot;widget-title\\&quot;&gt;&quot;,&quot;after_title&quot;:&quot;&lt;\\\/h3&gt;&quot;,&quot;widget_id&quot;:&quot;widget-0-0-1&quot;}}\" \/>[\/siteorigin_widget]<\/div>\n<\/div>\n<\/div>\n<\/div>\n","protected":false},"excerpt":{"rendered":"<p>Lundi 19 f\u00e9vrier 2018 apr\u00e8s le march\u00e9 \u00e0 La Renou\u00e9e, vers 19h30 Le lundi 19 f\u00e9vrier, l&rsquo;association Non \u00e0 la Montagne-pellets propose un temps d&rsquo;\u00e9changes et de rencontres sur la question de l&rsquo;usine \u00e0 pellets torr\u00e9fi\u00e9s de Bugeat-Viam. L&rsquo;association exposera les raisons de son opposition, et proposera aux participants d&rsquo;\u00e9changer \u00e0 propos de ce projet [&hellip;]<\/p>\n","protected":false},"author":2,"featured_media":3502,"comment_status":"closed","ping_status":"closed","sticky":false,"template":"","format":"standard","meta":{"footnotes":"","jetpack_publicize_message":"","jetpack_publicize_feature_enabled":true,"jetpack_social_post_already_shared":false,"jetpack_social_options":{"image_generator_settings":{"template":"highway","default_image_id":0,"font":"","enabled":false},"version":2}},"categories":[69],"tags":[],"class_list":["post-3501","post","type-post","status-publish","format-standard","has-post-thumbnail","hentry","category-agenda"],"jetpack_publicize_connections":[],"_links":{"self":[{"href":"https:\/\/renouee.millevaches.net\/WP\/wp-json\/wp\/v2\/posts\/3501","targetHints":{"allow":["GET"]}}],"collection":[{"href":"https:\/\/renouee.millevaches.net\/WP\/wp-json\/wp\/v2\/posts"}],"about":[{"href":"https:\/\/renouee.millevaches.net\/WP\/wp-json\/wp\/v2\/types\/post"}],"author":[{"embeddable":true,"href":"https:\/\/renouee.millevaches.net\/WP\/wp-json\/wp\/v2\/users\/2"}],"replies":[{"embeddable":true,"href":"https:\/\/renouee.millevaches.net\/WP\/wp-json\/wp\/v2\/comments?post=3501"}],"version-history":[{"count":0,"href":"https:\/\/renouee.millevaches.net\/WP\/wp-json\/wp\/v2\/posts\/3501\/revisions"}],"wp:featuredmedia":[{"embeddable":true,"href":"https:\/\/renouee.millevaches.net\/WP\/wp-json\/wp\/v2\/media\/3502"}],"wp:attachment":[{"href":"https:\/\/renouee.millevaches.net\/WP\/wp-json\/wp\/v2\/media?parent=3501"}],"wp:term":[{"taxonomy":"category","embeddable":true,"href":"https:\/\/renouee.millevaches.net\/WP\/wp-json\/wp\/v2\/categories?post=3501"},{"taxonomy":"post_tag","embeddable":true,"href":"https:\/\/renouee.millevaches.net\/WP\/wp-json\/wp\/v2\/tags?post=3501"}],"curies":[{"name":"wp","href":"https:\/\/api.w.org\/{rel}","templated":true}]}}