{"id":3354,"date":"2017-12-25T13:09:28","date_gmt":"2017-12-25T13:09:28","guid":{"rendered":"http:\/\/renouee.millevaches.net\/WP\/?p=3354"},"modified":"2017-12-21T15:28:36","modified_gmt":"2017-12-21T15:28:36","slug":"calendrier-des-fetes-a-la-renouee","status":"publish","type":"post","link":"https:\/\/renouee.millevaches.net\/WP\/agenda\/calendrier-des-fetes-a-la-renouee\/","title":{"rendered":"Calendrier des f\u00eates \u00e0 La Renou\u00e9e"},"content":{"rendered":"<div id=\"pl-3354\"  class=\"panel-layout\" >\n<div id=\"pg-3354-0\"  class=\"panel-grid panel-no-style\" >\n<div id=\"pgc-3354-0-0\"  class=\"panel-grid-cell\"  data-weight=\"1\" >\n<div id=\"panel-3354-0-0-0\" class=\"so-panel widget widget_sow-editor panel-first-child\" data-index=\"0\" data-style=\"{&quot;background_image_attachment&quot;:false,&quot;background_display&quot;:&quot;tile&quot;}\" >\n<div class=\"so-widget-sow-editor so-widget-sow-editor-base\">\n<h3 class=\"widget-title\">LE MARCH\u00c9 ET L&#039;\u00c9PICERIE VOUS INFORME<\/h3>\n<div class=\"siteorigin-widget-tinymce textwidget\">\n<hr \/>\n<h3>Lundi 25 D\u00e9cembre [<strong>FERM\u00c9]<\/strong><\/h3>\n<p style=\"padding-left: 30px;\">Il n&rsquo;y aura ni march\u00e9 ni \u00e9picerie<\/p>\n<h3>Jeudi 28 D\u00e9cembre [<strong>OUVERT]<\/strong><\/h3>\n<p style=\"padding-left: 30px;\">l&rsquo;\u00c9picerie ouverte sur sa permanence normale (17h-19h) et\u00a0 possiblement le d\u00e9p\u00f4t de pain (\u00e0 confirmer)<\/p>\n<h3>Lundi 1er Janvier [<strong>FERM\u00c9]<\/strong><\/h3>\n<p style=\"padding-left: 30px;\">Il n&rsquo;y aura ni march\u00e9 ni \u00e9picerie<\/p>\n<hr \/>\n<h1 style=\"text-align: center;\">BONNES F\u00caTES \u00c0 TOUS!<\/h1>\n<h2 style=\"text-align: center;\">RETOUR DU MARCH\u00c9 LE 8 JANVIER 2018<\/h2>\n<\/div>\n<\/div>\n<\/div>\n<div id=\"panel-3354-0-0-1\" class=\"so-panel widget widget_siteorigin-panels-post-content panel-last-child\" data-index=\"1\" data-style=\"{&quot;background_display&quot;:&quot;tile&quot;}\" >[siteorigin_widget class=\u00a0\u00bbSiteOrigin_Panels_Widgets_PostContent\u00a0\u00bb]<input type=\"hidden\" value=\"{&quot;instance&quot;:{&quot;type&quot;:&quot;featured&quot;},&quot;args&quot;:{&quot;before_widget&quot;:&quot;&lt;div id=\\&quot;panel-3354-0-0-1\\&quot; class=\\&quot;so-panel widget widget_siteorigin-panels-post-content panel-last-child\\&quot; data-index=\\&quot;1\\&quot; data-style=\\&quot;{&amp;quot;background_display&amp;quot;:&amp;quot;tile&amp;quot;}\\&quot; &gt;&quot;,&quot;after_widget&quot;:&quot;&lt;\\\/div&gt;&quot;,&quot;before_title&quot;:&quot;&lt;h3 class=\\&quot;widget-title\\&quot;&gt;&quot;,&quot;after_title&quot;:&quot;&lt;\\\/h3&gt;&quot;,&quot;widget_id&quot;:&quot;widget-0-0-1&quot;}}\" \/>[\/siteorigin_widget]<\/div>\n<\/div>\n<\/div>\n<\/div>\n","protected":false},"excerpt":{"rendered":"<p>LE MARCH\u00c9 ET L&#039;\u00c9PICERIE VOUS INFORME Lundi 25 D\u00e9cembre [FERM\u00c9] Il n&rsquo;y aura ni march\u00e9 ni \u00e9picerie Jeudi 28 D\u00e9cembre [OUVERT] l&rsquo;\u00c9picerie ouverte sur sa permanence normale (17h-19h) et\u00a0 possiblement le d\u00e9p\u00f4t de pain (\u00e0 confirmer) Lundi 1er Janvier [FERM\u00c9] Il n&rsquo;y aura ni march\u00e9 ni \u00e9picerie BONNES F\u00caTES \u00c0 TOUS! RETOUR DU MARCH\u00c9 LE [&hellip;]<\/p>\n","protected":false},"author":2,"featured_media":3356,"comment_status":"closed","ping_status":"closed","sticky":false,"template":"","format":"standard","meta":{"footnotes":"","jetpack_publicize_message":"","jetpack_publicize_feature_enabled":true,"jetpack_social_post_already_shared":false,"jetpack_social_options":{"image_generator_settings":{"template":"highway","default_image_id":0,"font":"","enabled":false},"version":2}},"categories":[69],"tags":[],"class_list":["post-3354","post","type-post","status-publish","format-standard","has-post-thumbnail","hentry","category-agenda"],"jetpack_publicize_connections":[],"_links":{"self":[{"href":"https:\/\/renouee.millevaches.net\/WP\/wp-json\/wp\/v2\/posts\/3354","targetHints":{"allow":["GET"]}}],"collection":[{"href":"https:\/\/renouee.millevaches.net\/WP\/wp-json\/wp\/v2\/posts"}],"about":[{"href":"https:\/\/renouee.millevaches.net\/WP\/wp-json\/wp\/v2\/types\/post"}],"author":[{"embeddable":true,"href":"https:\/\/renouee.millevaches.net\/WP\/wp-json\/wp\/v2\/users\/2"}],"replies":[{"embeddable":true,"href":"https:\/\/renouee.millevaches.net\/WP\/wp-json\/wp\/v2\/comments?post=3354"}],"version-history":[{"count":0,"href":"https:\/\/renouee.millevaches.net\/WP\/wp-json\/wp\/v2\/posts\/3354\/revisions"}],"wp:featuredmedia":[{"embeddable":true,"href":"https:\/\/renouee.millevaches.net\/WP\/wp-json\/wp\/v2\/media\/3356"}],"wp:attachment":[{"href":"https:\/\/renouee.millevaches.net\/WP\/wp-json\/wp\/v2\/media?parent=3354"}],"wp:term":[{"taxonomy":"category","embeddable":true,"href":"https:\/\/renouee.millevaches.net\/WP\/wp-json\/wp\/v2\/categories?post=3354"},{"taxonomy":"post_tag","embeddable":true,"href":"https:\/\/renouee.millevaches.net\/WP\/wp-json\/wp\/v2\/tags?post=3354"}],"curies":[{"name":"wp","href":"https:\/\/api.w.org\/{rel}","templated":true}]}}