{"id":258,"date":"2015-09-16T20:05:00","date_gmt":"2015-09-16T20:05:00","guid":{"rendered":"http:\/\/renouee.millevaches.net\/?p=258"},"modified":"2017-05-30T13:43:53","modified_gmt":"2017-05-30T13:43:53","slug":"deroule-de-lassemblee-generale-de-lassociation","status":"publish","type":"post","link":"https:\/\/renouee.millevaches.net\/WP\/agenda\/deroule-de-lassemblee-generale-de-lassociation\/","title":{"rendered":"D\u00e9roul\u00e9 de l&rsquo;Assembl\u00e9e G\u00e9n\u00e9rale de L&rsquo;association La Bascule"},"content":{"rendered":"<div class=\"entry-content\">\n<p>Bonjour,<\/p>\n<p>l\u2019objet de la future assembl\u00e9e g\u00e9n\u00e9rale se pr\u00e9cise. Pour rappel celle-ci aura lieu le 19 septembre 2015 \u00e0 15h dans les locaux de la future Renou\u00e9e:<\/p>\n<p><span id=\"yui_3_16_0_1_1442425800666_3629\" class=\"\">1-Petit r\u00e9capitulatif et derni\u00e8res nouvelles du processus d\u2019acquisition (10 mn)<br class=\"\" \/><\/span><\/p>\n<div id=\"yui_3_16_0_1_1442425800666_3203\" class=\"\" lang=\"zxx\"><span id=\"yui_3_16_0_1_1442425800666_2942\">2-Pr\u00e9sentation des enjeux \u00e0 venir (40 mn) :<br class=\"\" \/><\/span><\/div>\n<blockquote id=\"yui_3_16_0_1_1442425800666_3190\" class=\"\">\n<div id=\"yui_3_16_0_1_1442425800666_2957\" class=\"\" lang=\"zxx\"><span id=\"yui_3_16_0_1_1442425800666_2942\">-Travaux et am\u00e9nagement : quoi, quand, comment, avec qui\u2026.<br class=\"\" \/><\/span><\/div>\n<div id=\"yui_3_16_0_1_1442425800666_2805\" class=\"\" lang=\"zxx\"><span id=\"yui_3_16_0_1_1442425800666_2804\">-Vie\u00a0 du lieu : quels espaces, quelle programmation, quelle organisation<\/span><\/div>\n<\/blockquote>\n<div id=\"yui_3_16_0_1_1442425800666_3090\" class=\"\" lang=\"zxx\"><span id=\"yui_3_16_0_1_1442425800666_2804\">3-Discussions en petits groupes (1h) : <br class=\"\" \/><\/span><\/div>\n<blockquote id=\"yui_3_16_0_1_1442425800666_3169\" class=\"\">\n<div id=\"yui_3_16_0_1_1442425800666_3091\" class=\"\" dir=\"ltr\" lang=\"zxx\"><span id=\"yui_3_16_0_1_1442425800666_2804\">-r\u00e9actions, questions, r\u00e9flexions sur l\u2019ensemble de la pr\u00e9sentation<\/span><\/div>\n<div id=\"yui_3_16_0_1_1442425800666_3092\" class=\"\" dir=\"ltr\" lang=\"zxx\"><span id=\"yui_3_16_0_1_1442425800666_2804\">-questions, discussions et engagements sur le th\u00e8me sp\u00e9cifique au petit groupe<br class=\"\" \/><\/span><\/div>\n<\/blockquote>\n<div id=\"yui_3_16_0_1_1442425800666_2806\" class=\"\" dir=\"ltr\" lang=\"zxx\"><span id=\"yui_3_16_0_1_1442425800666_2941\">4-Retour (non-exhaustif) des petits groupes en pl\u00e9ni\u00e8re (30 mn)<br class=\"\" \/><\/span><\/div>\n<div dir=\"ltr\"><span id=\"yui_3_16_0_1_1442425800666_2941\">5-Entr\u00e9es et sorties du conseil d\u2019administration (10 mn)<\/span><\/div>\n<\/div>\n","protected":false},"excerpt":{"rendered":"<p>Bonjour, l\u2019objet de la future assembl\u00e9e g\u00e9n\u00e9rale se pr\u00e9cise. Pour rappel celle-ci aura lieu le 19 septembre 2015 \u00e0 15h dans les locaux de la future Renou\u00e9e: 1-Petit r\u00e9capitulatif et derni\u00e8res nouvelles du processus d\u2019acquisition (10 mn) 2-Pr\u00e9sentation des enjeux \u00e0 venir (40 mn) : -Travaux et am\u00e9nagement : quoi, quand, comment, avec qui\u2026. -Vie\u00a0 [&hellip;]<\/p>\n","protected":false},"author":2,"featured_media":0,"comment_status":"closed","ping_status":"closed","sticky":false,"template":"","format":"standard","meta":{"footnotes":"","jetpack_publicize_message":"","jetpack_publicize_feature_enabled":true,"jetpack_social_post_already_shared":true,"jetpack_social_options":{"image_generator_settings":{"template":"highway","default_image_id":0,"font":"","enabled":false},"version":2}},"categories":[69],"tags":[],"class_list":["post-258","post","type-post","status-publish","format-standard","hentry","category-agenda"],"jetpack_publicize_connections":[],"_links":{"self":[{"href":"https:\/\/renouee.millevaches.net\/WP\/wp-json\/wp\/v2\/posts\/258","targetHints":{"allow":["GET"]}}],"collection":[{"href":"https:\/\/renouee.millevaches.net\/WP\/wp-json\/wp\/v2\/posts"}],"about":[{"href":"https:\/\/renouee.millevaches.net\/WP\/wp-json\/wp\/v2\/types\/post"}],"author":[{"embeddable":true,"href":"https:\/\/renouee.millevaches.net\/WP\/wp-json\/wp\/v2\/users\/2"}],"replies":[{"embeddable":true,"href":"https:\/\/renouee.millevaches.net\/WP\/wp-json\/wp\/v2\/comments?post=258"}],"version-history":[{"count":0,"href":"https:\/\/renouee.millevaches.net\/WP\/wp-json\/wp\/v2\/posts\/258\/revisions"}],"wp:attachment":[{"href":"https:\/\/renouee.millevaches.net\/WP\/wp-json\/wp\/v2\/media?parent=258"}],"wp:term":[{"taxonomy":"category","embeddable":true,"href":"https:\/\/renouee.millevaches.net\/WP\/wp-json\/wp\/v2\/categories?post=258"},{"taxonomy":"post_tag","embeddable":true,"href":"https:\/\/renouee.millevaches.net\/WP\/wp-json\/wp\/v2\/tags?post=258"}],"curies":[{"name":"wp","href":"https:\/\/api.w.org\/{rel}","templated":true}]}}