{"id":213,"date":"2015-05-25T07:57:02","date_gmt":"2015-05-25T07:57:02","guid":{"rendered":"http:\/\/renouee.millevaches.net\/?p=213"},"modified":"2017-05-30T13:42:55","modified_gmt":"2017-05-30T13:42:55","slug":"3-rendez-vous-pour-la-derniere-semaine-de-la-campagne-de-financement","status":"publish","type":"post","link":"https:\/\/renouee.millevaches.net\/WP\/agenda\/3-rendez-vous-pour-la-derniere-semaine-de-la-campagne-de-financement\/","title":{"rendered":"3 rendez-vous pour la derni\u00e8re semaine de la campagne de financement"},"content":{"rendered":"<p>La derni\u00e8re semaine de la campagne de financement arrive. Pour cette occasion, nous vous proposons trois rencontres pour d\u00e9couvrir, discuter et participer au projet de La Renou\u00e9e.<\/p>\n<h3>27 mai 2015 &#8211; 20h &#8211; Fabuleux Destin Aubusson<\/h3>\n<p><em>le Fabuleux destin accueille les membres de la Renou\u00e9e pour une pr\u00e9sentation et discussion autour du projet<\/em><\/p>\n<p>\u00c9v\u00e9nement Facebook<\/p>\n<p><span style=\"text-decoration: underline;\"><span class=\"pratique\">Le Fabuleux Destin rue Roger Cerclier 23200 Aubusson<\/span><\/span><\/p>\n<p><a href=\"http:\/\/renouee.millevaches.net\/wp-content\/uploads\/2015\/05\/fab.png\"><img decoding=\"async\" class=\"aligncenter wp-image-214 size-full\" src=\"http:\/\/renouee.millevaches.net\/wp-content\/uploads\/2015\/05\/fab.png\" alt=\"fab\" width=\"741\" height=\"485\" \/><\/a><\/p>\n<p>&nbsp;<\/p>\n<h2><strong>30 mai 2015 &#8211; 15h &#8211; Cuisine et Compagnie &#8211; Eymoutiers<\/strong><\/h2>\n<p><em>C&rsquo;est au tour de Cuisine et compagnie d&rsquo;accueillir les membre du projet La Renou\u00e9e<\/em><\/p>\n<p><a href=\"https:\/\/www.facebook.com\/events\/579659598803180\/\" target=\"_blank\">\u00c9v\u00e9nement Facebook<\/a><\/p>\n<p><span style=\"text-decoration: underline;\">Cuisine et Compagnie Rue de La R\u00e9publique 87120 Eymoutiers<\/span><\/p>\n<p>&nbsp;<\/p>\n<p><a href=\"http:\/\/renouee.millevaches.net\/wp-content\/uploads\/2015\/05\/cuisine.png\"><img decoding=\"async\" class=\"aligncenter wp-image-215 size-full\" src=\"http:\/\/renouee.millevaches.net\/wp-content\/uploads\/2015\/05\/cuisine.png\" alt=\"cuisine\" width=\"713\" height=\"474\" \/><\/a><\/p>\n<p>&nbsp;<\/p>\n<h2 class=\"null\" style=\"text-align: left;\">Dimanche 31 mai \u00e0 partir de 10h et jusqu&rsquo;\u00e0 16h30.<\/h2>\n<p><a href=\"https:\/\/www.facebook.com\/events\/579659598803180\/\" target=\"_blank\">Facebook de l&rsquo;\u00e9v\u00e9nement<\/a><\/p>\n<h1 class=\"null\" style=\"text-align: center;\">Garden party<\/h1>\n<p align=\"justify\">Venez dans la maison convoit\u00e9e par la Renou\u00e9e, derni\u00e8re occasion pour faire vos dons et venir d\u00e9couvrir le projet avant le bilan du 1er juin\u00a0!!!<\/p>\n<p align=\"justify\"><strong>Au programme\u00a0:<\/strong><\/p>\n<p align=\"justify\">&#8211; \u00e0 partir de 10h Petit d\u00e9jeuner sur place, avec les croissants du pain lev\u00e9&#8230;<\/p>\n<p align=\"justify\">&#8211; Le matin en libre acc\u00e8s, stands et pr\u00e9sentations des porteurs de projets (SCIC l&rsquo;Arban, Filles de la Terre, La bi\u00e8re en chantier, l&rsquo;association la Bascule&#8230;)<\/p>\n<p align=\"justify\">&#8211; \u00e0 10h30, Pr\u00e9sentation du projet, des d\u00e9marches en cours et des perspectives<\/p>\n<p align=\"justify\">&#8211; \u00e0 11h et \u00e0 15h Visite guid\u00e9e de la maison<\/p>\n<p align=\"justify\">&#8211; \u00e0 partir de 12h30, repas partag\u00e9 (chacun apporte un petit plat sal\u00e9 ou sucr\u00e9 qui viendra garnir une grande tabl\u00e9e improvis\u00e9e)<\/p>\n<p align=\"justify\">&#8211; L&rsquo;apr\u00e8s midi, musiques, chansons, sieste, discussions, jeux de soci\u00e9t\u00e9s, maquillages pour les enfants&#8230; et sans doute de nombreuses petites surprises autour desquelles passer d&rsquo;agr\u00e9ables moments.<\/p>\n<p>&#8211; \u00e0 14h Spectacle <a href=\"http:\/\/www.lavoixestlibre.fr\/pages\/s_soie.shtml\" target=\"_blank\">Rivi\u00e8re de soie<\/a> avec le Duo Ben-Philippson<\/p>\n<p>&#8211; \u00e0 16h Spectacle \u00e0 partir de 6\/7 ans \u00ab\u00a0Le petit Chaperon Rouge\u00a0\u00bb<\/p>\n","protected":false},"excerpt":{"rendered":"<p>La derni\u00e8re semaine de la campagne de financement arrive. Pour cette occasion, nous vous proposons trois rencontres pour d\u00e9couvrir, discuter et participer au projet de La Renou\u00e9e. 27 mai 2015 &#8211; 20h &#8211; Fabuleux Destin Aubusson le Fabuleux destin accueille les membres de la Renou\u00e9e pour une pr\u00e9sentation et discussion autour du projet \u00c9v\u00e9nement Facebook [&hellip;]<\/p>\n","protected":false},"author":2,"featured_media":175,"comment_status":"closed","ping_status":"closed","sticky":false,"template":"","format":"standard","meta":{"footnotes":"","jetpack_publicize_message":"","jetpack_publicize_feature_enabled":true,"jetpack_social_post_already_shared":false,"jetpack_social_options":{"image_generator_settings":{"template":"highway","default_image_id":0,"font":"","enabled":false},"version":2}},"categories":[69],"tags":[],"class_list":["post-213","post","type-post","status-publish","format-standard","has-post-thumbnail","hentry","category-agenda"],"jetpack_publicize_connections":[],"_links":{"self":[{"href":"https:\/\/renouee.millevaches.net\/WP\/wp-json\/wp\/v2\/posts\/213","targetHints":{"allow":["GET"]}}],"collection":[{"href":"https:\/\/renouee.millevaches.net\/WP\/wp-json\/wp\/v2\/posts"}],"about":[{"href":"https:\/\/renouee.millevaches.net\/WP\/wp-json\/wp\/v2\/types\/post"}],"author":[{"embeddable":true,"href":"https:\/\/renouee.millevaches.net\/WP\/wp-json\/wp\/v2\/users\/2"}],"replies":[{"embeddable":true,"href":"https:\/\/renouee.millevaches.net\/WP\/wp-json\/wp\/v2\/comments?post=213"}],"version-history":[{"count":0,"href":"https:\/\/renouee.millevaches.net\/WP\/wp-json\/wp\/v2\/posts\/213\/revisions"}],"wp:featuredmedia":[{"embeddable":true,"href":"https:\/\/renouee.millevaches.net\/WP\/wp-json\/"}],"wp:attachment":[{"href":"https:\/\/renouee.millevaches.net\/WP\/wp-json\/wp\/v2\/media?parent=213"}],"wp:term":[{"taxonomy":"category","embeddable":true,"href":"https:\/\/renouee.millevaches.net\/WP\/wp-json\/wp\/v2\/categories?post=213"},{"taxonomy":"post_tag","embeddable":true,"href":"https:\/\/renouee.millevaches.net\/WP\/wp-json\/wp\/v2\/tags?post=213"}],"curies":[{"name":"wp","href":"https:\/\/api.w.org\/{rel}","templated":true}]}}